{"id":14707,"date":"2026-03-09T14:11:49","date_gmt":"2026-03-09T14:11:49","guid":{"rendered":"https:\/\/revistatrend.com\/?p=14707"},"modified":"2026-03-09T14:11:49","modified_gmt":"2026-03-09T14:11:49","slug":"video-marrin-fund-spekulimet-xhensila-myrtezaj-dhe-ledri-vula-kapen-mat-duke-u-puthur","status":"publish","type":"post","link":"https:\/\/revistatrend.com\/index.php\/2026\/03\/09\/video-marrin-fund-spekulimet-xhensila-myrtezaj-dhe-ledri-vula-kapen-mat-duke-u-puthur\/","title":{"rendered":"VIDEO\/ Marrin fund spekulimet, Xhensila Myrtezaj dhe Ledri Vula kapen \u201cmat\u201d duke u puthur"},"content":{"rendered":"<p><strong>Disa pamje t\u00eb publikuara s\u00eb fundmi n\u00eb rrjetet sociale tregojn\u00eb Ledri Vula dhe Xhensila Myrtezaj s\u00eb bashku, duke konfirmuar k\u00ebshtu z\u00ebrat p\u00ebr nj\u00eb romanc\u00eb mes tyre.<\/strong><\/p>\n<p><img fetchpriority=\"high\" decoding=\"async\" class=\"alignnone size-full wp-image-1631222\" src=\"https:\/\/www.panorama.com.al\/wp-content\/uploads\/2026\/03\/xhensila-ledri-4.jpg\" alt=\"xhensila-ledri-4\" width=\"620\" height=\"849\" \/><\/p>\n<p>\u00c7ifti \u00ebsht\u00eb kapur n\u00eb nj\u00eb klub n\u00eb Paris, ku shfaqen duke k\u00ebrcyer dhe shk\u00ebmbyer puthje me nj\u00ebri-tjetrin.<\/p>\n<p><a href=\"https:\/\/www.panorama.com.al\/wp-content\/uploads\/2026\/03\/xhensila-ledri-1.jpg\"><img decoding=\"async\" class=\"alignnone size-full wp-image-1631223\" src=\"https:\/\/www.panorama.com.al\/wp-content\/uploads\/2026\/03\/xhensila-ledri-1.jpg\" alt=\"xhensila-ledri-1\" width=\"661\" height=\"883\" \/><\/a><\/p>\n<p>Prej disa koh\u00ebsh, ka pasur thashetheme p\u00ebr nj\u00eb marr\u00ebdh\u00ebnie mes tyre, ve\u00e7an\u00ebrisht pas ndarjeve t\u00eb tyre nga ish-partner\u00ebt, Xhensila pas divorcit nga aktori Bes Kallaku dhe Ledri pas ndarjes nga Sara Hoxha.<\/p>\n<p><a href=\"https:\/\/www.panorama.com.al\/wp-content\/uploads\/2026\/03\/ledri-xhen-1.jpg\"><img decoding=\"async\" class=\"alignnone size-full wp-image-1631224\" src=\"https:\/\/www.panorama.com.al\/wp-content\/uploads\/2026\/03\/ledri-xhen-1.jpg\" alt=\"ledri-xhen-1\" width=\"1290\" height=\"1720\" \/><\/a><br \/>\nEdhe pse asnj\u00eb nga dyshja nuk ka konfirmuar lidhjen e tyre, pamjet e b\u00ebra virale tregojn\u00eb qart\u00eb se egziston nj\u00eb raport dashuror mes tyre.<\/p>\n<p><a href=\"https:\/\/www.panorama.com.al\/wp-content\/uploads\/2026\/03\/ledri-xhen-2.jpg\"><img loading=\"lazy\" decoding=\"async\" class=\"alignnone size-full wp-image-1631225\" src=\"https:\/\/www.panorama.com.al\/wp-content\/uploads\/2026\/03\/ledri-xhen-2.jpg\" alt=\"ledri-xhen-2\" width=\"1290\" height=\"1720\" \/><\/a><\/p>\n<div><ins id=\"revive-0-33\" data-revive-zoneid=\"1015\" data-revive-id=\"0a5067886004a72d5b41c8f4bd9c2af9\" data-revive-seq=\"33\" data-revive-loaded=\"1\"><\/p>\n<div id=\"beacon_79728b5723\"><img loading=\"lazy\" decoding=\"async\" src=\"https:\/\/ads2.panorama.com.al\/www\/delivery\/lg.php?bannerid=0&amp;campaignid=0&amp;zoneid=1015&amp;loc=https%3A%2F%2Fwww.panorama.com.al%2Fvideo-u-perfolen-per-nje-lidhje-se-bashku-kapen-mat-xhensila-myrtezaj-dhe-ledri-vula-publikohen-momentet-intime-mes-ciftit%2F&amp;referer=https%3A%2F%2Fwww.google.com%2F&amp;cb=79728b5723\" alt=\"\" width=\"0\" height=\"0\" \/><\/div>\n<p><\/ins><\/div>\n<p>Vet\u00ebm disa koh\u00eb m\u00eb par\u00eb qe Ledri ai q\u00eb reagoi lidhur me k\u00ebto aludime.<\/p>\n<div><iframe src=\"https:\/\/streamable.com\/e\/ha3b2o?\" width=\"100%\" height=\"100%\" allowfullscreen=\"allowfullscreen\" data-mce-fragment=\"1\"><\/iframe><\/div>\n<p>Teksa ka qen\u00eb i ftuar nj\u00eb intervist\u00eb ai u shpreh se raporti me k\u00ebng\u00ebtaren nuk \u00ebsht\u00eb asgj\u00eb m\u00eb shum\u00eb sesa miq\u00ebsi.<br \/>\n\u201cKemi pasur shum\u00eb kimi. Edhe n\u00eb studio, edhe n\u00eb klip\u2026 edhe n\u00eb shoq\u00ebri. Jemi shum\u00eb shok\u00eb me Xhensil\u00ebn,\u201d \u2013 \u00ebsht\u00eb shprehur reperi.<\/p>\n<div><iframe src=\"https:\/\/streamable.com\/e\/s95vkt?\" width=\"100%\" height=\"100%\" allowfullscreen=\"allowfullscreen\" data-mce-fragment=\"1\"><\/iframe><\/div>\n<p>Nd\u00ebrsa p\u00ebr sa i p\u00ebrket Xhensil\u00ebn, teksa promovoi k\u00ebng\u00ebn e saj t\u00eb re me Ledrin, p\u00ebr t\u2019u dh\u00ebn\u00eb fund thashethethemeve shkoi p\u00ebrbri postimit: : \u201cDisa flasin, n\u00eb k\u00ebndojm\u00eb\u201d.<\/p>\n<p><a href=\"https:\/\/www.panorama.com.al\/wp-content\/uploads\/2026\/03\/xhensila-myrtezaj-5.jpg\"><img loading=\"lazy\" decoding=\"async\" class=\"alignnone size-full wp-image-1631226\" src=\"https:\/\/www.panorama.com.al\/wp-content\/uploads\/2026\/03\/xhensila-myrtezaj-5.jpg\" alt=\"xhensila-myrtezaj-5\" width=\"1080\" height=\"1350\" \/><\/a><\/p>\n<p>Teksa ka ndar\u00eb coverin e k\u00ebng\u00ebs s\u00eb tyre m\u00eb t\u00eb re, Myrtezaj, e cila vet\u00ebm pak muaj m\u00eb par\u00eb u nda nga baba i dy f\u00ebmij\u00ebve, aktori Bes Kallaku, ka hedhur posht\u00eb aludime teksa shkruan: Disa flasin, n\u00eb k\u00ebndojm\u00eb,\u201d duke b\u00ebr\u00eb tag edhe reperin nga Kosova.<\/p>\n<p><a href=\"https:\/\/www.panorama.com.al\/wp-content\/uploads\/2026\/03\/xhensila-myrtezaj.jpg\"><img loading=\"lazy\" decoding=\"async\" class=\"alignnone size-full wp-image-1631227\" src=\"https:\/\/www.panorama.com.al\/wp-content\/uploads\/2026\/03\/xhensila-myrtezaj.jpg\" alt=\"xhensila-myrtezaj\" width=\"1080\" height=\"1350\" \/><\/a><\/p>\n<p>Dhe teksa ishte e ftuar n\u00eb nj\u00eb intervist\u00eb ajo u shpreh se arsye p\u00ebr k\u00ebt\u00eb ndarje u b\u00eb mos komunikimi me aktorin e njohur.<\/p>\n<p><a href=\"https:\/\/www.panorama.com.al\/wp-content\/uploads\/2026\/03\/ledri-xhensila-2.jpg\"><img loading=\"lazy\" decoding=\"async\" class=\"alignnone size-full wp-image-1631228\" src=\"https:\/\/www.panorama.com.al\/wp-content\/uploads\/2026\/03\/ledri-xhensila-2.jpg\" alt=\"ledri-xhensila-2\" width=\"1080\" height=\"1350\" \/><\/a><\/p>\n<p>\u201cKa vite q\u00eb po mundoheshim t\u00eb sistemonin lidhjen ton\u00eb. Kriza ka \u00e7do \u00e7ift n\u00eb marr\u00ebdh\u00ebnie. Un\u00eb mendoj se n\u00eb \u00e7do marr\u00ebdh\u00ebnie kur fjal\u00ebt dhe veprat nuk p\u00ebrputhen, kur mbizot\u00ebrojn\u00eb debatet dhe b\u00ebhet toksike p\u00ebr mua, f\u00ebmij\u00ebt dhe p\u00ebr t\u00eb, vendimi do duhej t\u00eb merrej dhe e mora\u201d, u shpreh ajo.<\/p>\n<p><a href=\"https:\/\/www.panorama.com.al\/wp-content\/uploads\/2026\/03\/bes-kallaku-xhensila-myrtezaj4.jpg\"><img loading=\"lazy\" decoding=\"async\" class=\"alignnone size-full wp-image-1631229\" src=\"https:\/\/www.panorama.com.al\/wp-content\/uploads\/2026\/03\/bes-kallaku-xhensila-myrtezaj4.jpg\" alt=\"bes-kallaku-xhensila-myrtezaj4\" width=\"1080\" height=\"1339\" \/><\/a><\/p>\n<p>\u201cN\u00eb \u00e7ift duhet bashk\u00ebpunim. K\u00ebrkohet pun\u00eb nga t\u00eb dy partner\u00ebt. Kam kuptuar se nuk duhet t\u00eb luftoj\u00eb vet\u00ebm nj\u00ebra pal\u00eb. \u00c7do dit\u00eb q\u00eb kalonte kuptoja q\u00eb po thyhej m\u00eb shum\u00eb. Ndaj ishte nj\u00eb vendim i marr\u00eb nga un\u00eb\u201d, u shpreh Xhensila n\u00eb \u201cMir\u00ebmbrema Yje\u201d.<\/p>\n<p><a href=\"https:\/\/www.panorama.com.al\/wp-content\/uploads\/2026\/03\/bes-kallaku-xhensila-myrtezaj5.jpg\"><img loading=\"lazy\" decoding=\"async\" class=\"alignnone size-full wp-image-1631230\" src=\"https:\/\/www.panorama.com.al\/wp-content\/uploads\/2026\/03\/bes-kallaku-xhensila-myrtezaj5.jpg\" alt=\"bes-kallaku-xhensila-myrtezaj5\" width=\"1080\" height=\"1339\" \/><\/a><\/p>\n<p>P\u00ebr sa i p\u00ebrket Ledri Vules, reperi prej dy vitesh ka shk\u00ebputur marr\u00ebdh\u00ebniet me maman\u00eb e vajz\u00ebs s\u00eb tij, Sara Hoxh\u00ebn.<\/p>\n<p><a href=\"https:\/\/www.panorama.com.al\/wp-content\/uploads\/2026\/03\/xhensila-myrtezaj-ajka-bes-kallaku.jpg\"><img loading=\"lazy\" decoding=\"async\" class=\"alignnone size-full wp-image-1631231\" src=\"https:\/\/www.panorama.com.al\/wp-content\/uploads\/2026\/03\/xhensila-myrtezaj-ajka-bes-kallaku.jpg\" alt=\"xhensila-myrtezaj-ajka-bes-kallaku\" width=\"630\" height=\"441\" \/><\/a><\/p>\n<p>Mir\u00ebpo ver\u00ebn q\u00eb shkoi reperi u p\u00ebrfol p\u00ebr nj\u00eb romanc\u00eb me Rina Zaitin, biznesmenja e cila \u00ebsht\u00eb motra e k\u00ebng\u00ebtarit Ron Zaitit.<\/p>\n<p><a href=\"https:\/\/www.panorama.com.al\/wp-content\/uploads\/2026\/03\/sara-hoxha-ledri-vula-panorama-plus-9-820x1024.jpg\"><img loading=\"lazy\" decoding=\"async\" class=\"alignnone size-full wp-image-1631232\" src=\"https:\/\/www.panorama.com.al\/wp-content\/uploads\/2026\/03\/sara-hoxha-ledri-vula-panorama-plus-9-820x1024.jpg\" alt=\"sara-hoxha-ledri-vula-panorama-plus-9-820x1024\" width=\"820\" height=\"1024\" \/><\/a><\/p>\n<p>Kujtojm\u00eb se vet\u00ebm pak koh\u00eb m\u00eb par\u00eb, \u201cPanorama Plus\u201d, zbuloi se Ledri Vula kishte gjetur dashurin\u00eb gati nj\u00eb vit pas ndarjes nga blogerja.<\/p>\n<p><a href=\"https:\/\/www.panorama.com.al\/wp-content\/uploads\/2026\/03\/Rina-Zaiti-ledri-vula.jpg\"><img loading=\"lazy\" decoding=\"async\" class=\"alignnone size-full wp-image-1631233\" src=\"https:\/\/www.panorama.com.al\/wp-content\/uploads\/2026\/03\/Rina-Zaiti-ledri-vula.jpg\" alt=\"Rina-Zaiti-ledri-vula\" width=\"1080\" height=\"1080\" \/><\/a><\/p>\n<p>\u00c7ifti u fotografuan s\u00eb bashku p\u00ebr her\u00eb t\u00eb par\u00eb gjat\u00eb pushimeve n\u00eb jug t\u00eb vendit, teksa po shijonin momente relaksi pran\u00eb detit, duke u ulur pran\u00eb shk\u00ebmbinjve t\u00eb plazhit.<\/p>\n<p><a href=\"https:\/\/www.panorama.com.al\/wp-content\/uploads\/2026\/03\/ledri-vula.jpg\"><img loading=\"lazy\" decoding=\"async\" class=\"alignnone size-full wp-image-1631234\" src=\"https:\/\/www.panorama.com.al\/wp-content\/uploads\/2026\/03\/ledri-vula.jpg\" alt=\"ledri-vula\" width=\"594\" height=\"471\" \/><\/a><\/p>\n<p>M\u00eb pas n\u00eb fotot ekskluzive t\u00eb siguruara nga Panorama Plus, reperi \u00ebsht\u00eb kapur mat me vajz\u00ebn milionere n\u00eb aeroportin e Vjen\u00ebs. Dyshja u pan\u00eb n\u00ebn shoq\u00ebrin\u00eb e nj\u00ebri-tjetrit teksa q\u00ebndronin t\u00eb ulur n\u00eb stolat n\u00eb terminalin e aeroportit.<\/p>\n<p><a href=\"https:\/\/www.panorama.com.al\/wp-content\/uploads\/2026\/03\/ledri-vula-rina-ziti.jpg\"><img loading=\"lazy\" decoding=\"async\" class=\"alignnone size-full wp-image-1631235\" src=\"https:\/\/www.panorama.com.al\/wp-content\/uploads\/2026\/03\/ledri-vula-rina-ziti.jpg\" alt=\"ledri-vula-rina-ziti\" width=\"652\" height=\"407\" \/><\/a><\/p>\n<p>Por duket se tashm\u00eb edhe romanca e tyre ka marr\u00eb fund dhe ka dyshime se reperi \u00ebsht\u00eb hedhur n\u00eb krah\u00ebt e Xhensila Myrtezajt.<\/p>\n<p><strong>Konfirmimi i ndarjes<\/strong><\/p>\n<p>Ledri Vula n\u00eb nj\u00eb intervist\u00eb n\u00eb \u201cMir\u00ebm\u00ebngjes Yje\u201d ka konfirmuar ndarjen nga Sara Hoxha duke ia hedhur asaj fajin p\u00ebr fundin e marr\u00ebdh\u00ebnies. Ai u shpreh se n\u00ebse Sara do t\u00eb kishte qen\u00eb m\u00eb private p\u00ebr jet\u00ebn e tyre personale, mund t\u00eb ishin bashk\u00eb sot.<\/p>\n<p><a href=\"https:\/\/www.panorama.com.al\/wp-content\/uploads\/2026\/03\/sara-hoxha-ledri-vula3.jpg\"><img loading=\"lazy\" decoding=\"async\" class=\"alignnone size-full wp-image-1631236\" src=\"https:\/\/www.panorama.com.al\/wp-content\/uploads\/2026\/03\/sara-hoxha-ledri-vula3.jpg\" alt=\"sara-hoxha-ledri-vula3\" width=\"668\" height=\"837\" \/><\/a><\/p>\n<p>\u201cKur vjen Poi n\u00eb Prishtin\u00eb, s\u2019ka vend p\u00ebr asnj\u00eb tjet\u00ebr, as p\u00ebr vajz\u00eb, ndonj\u00eb shoqe t\u00eb Poit po. Nuk e vras mendjen p\u00ebr komentet, kam qejf t\u00eb lexoj t\u00eb mirat. Ndoshta po t\u00eb kishte qen\u00eb Sara m\u00eb private, sot mund t\u00eb kishim qen\u00eb edhe bashk\u00eb nuk i dihet\u2026 Nuk i duhet kurr\u00eb dometh\u00ebn\u00eb.<\/p>\n<p>N\u00eb fillimin ishte shum\u00eb e v\u00ebshtir\u00eb p\u00ebr Poin. Kur ia kemi shpjeguar Poit ndarjen, ka qen\u00eb pranuese. Ka th\u00ebn\u00eb: \u2018Java ime me mamin, java ime me babin\u2019. P\u00ebr ndarjen m\u00eb vjen keq vet\u00ebm Poin, p\u00ebr gj\u00eb tjet\u00ebr jo. Tani po rritet me m\u00eb shum\u00eb dashuri\u201d, u shpreh ai.<\/p>\n<p><a href=\"https:\/\/www.panorama.com.al\/wp-content\/uploads\/2026\/03\/sara-hoxha-ledri-vula.jpg\"><img loading=\"lazy\" decoding=\"async\" class=\"alignnone size-full wp-image-1631237\" src=\"https:\/\/www.panorama.com.al\/wp-content\/uploads\/2026\/03\/sara-hoxha-ledri-vula.jpg\" alt=\"sara-hoxha-ledri-vula\" width=\"649\" height=\"831\" \/><\/a><\/p>\n<p>\u201cNuk e di, un\u00eb vdes p\u00ebr Poin. Do t\u00eb kisha qejf q\u00eb Poi t\u00eb kishte dy motra, edhe djal\u00eb. Por p\u00ebr momentin jam mir\u00eb me Poin, por nuk i dihet jet\u00ebs. Gjithmon\u00eb ka vend p\u00ebr dashuri, jam i dashur dhe djal\u00eb familjar\u201d, u shpreh Ledri Vula,duke l\u00ebn\u00eb t\u00eb hapur mund\u00ebsin\u00eb e krijimit t\u00eb nj\u00eb familje t\u00eb re.<\/p>\n<p><a href=\"https:\/\/www.panorama.com.al\/wp-content\/uploads\/2026\/03\/sara-hoxha.jpg\"><img loading=\"lazy\" decoding=\"async\" class=\"alignnone size-full wp-image-1631238\" src=\"https:\/\/www.panorama.com.al\/wp-content\/uploads\/2026\/03\/sara-hoxha.jpg\" alt=\"sara-hoxha\" width=\"500\" height=\"555\" \/><\/a><\/p>\n<p>Blogerja Sara Hoxha, pas deklaratave q\u00eb ish-partneri i saj Ledri Vula b\u00ebri, vendosi t\u00eb fshij\u00eb \u00e7do foto q\u00eb mbante n\u00eb profilin e saj me reperin. Tashm\u00eb gjith\u00e7ka q\u00eb i lidh \u00ebsht\u00eb vajza e tyre, Poi.<\/p>\n<p><a href=\"https:\/\/www.panorama.com.al\/wp-content\/uploads\/2026\/03\/xhensila-ledri.jpg\"><img loading=\"lazy\" decoding=\"async\" class=\"alignnone size-full wp-image-1631239\" src=\"https:\/\/www.panorama.com.al\/wp-content\/uploads\/2026\/03\/xhensila-ledri.jpg\" alt=\"xhensila-ledri\" width=\"666\" height=\"664\" \/><\/a><\/p>\n","protected":false},"excerpt":{"rendered":"<p>Disa pamje t\u00eb publikuara s\u00eb fundmi n\u00eb rrjetet sociale tregojn\u00eb Ledri Vula dhe Xhensila Myrtezaj s\u00eb bashku, duke konfirmuar k\u00ebshtu z\u00ebrat p\u00ebr nj\u00eb romanc\u00eb mes tyre. \u00c7ifti \u00ebsht\u00eb kapur n\u00eb nj\u00eb klub n\u00eb Paris, ku shfaqen duke k\u00ebrcyer dhe shk\u00ebmbyer puthje me nj\u00ebri-tjetrin. Prej disa koh\u00ebsh, ka pasur thashetheme p\u00ebr nj\u00eb marr\u00ebdh\u00ebnie mes tyre, ve\u00e7an\u00ebrisht<\/p>\n","protected":false},"author":1,"featured_media":14708,"comment_status":"open","ping_status":"open","sticky":false,"template":"","format":"standard","meta":{"footnotes":""},"categories":[10],"tags":[],"class_list":{"0":"post-14707","1":"post","2":"type-post","3":"status-publish","4":"format-standard","5":"has-post-thumbnail","7":"category-showbiz"},"_links":{"self":[{"href":"https:\/\/revistatrend.com\/index.php\/wp-json\/wp\/v2\/posts\/14707","targetHints":{"allow":["GET"]}}],"collection":[{"href":"https:\/\/revistatrend.com\/index.php\/wp-json\/wp\/v2\/posts"}],"about":[{"href":"https:\/\/revistatrend.com\/index.php\/wp-json\/wp\/v2\/types\/post"}],"author":[{"embeddable":true,"href":"https:\/\/revistatrend.com\/index.php\/wp-json\/wp\/v2\/users\/1"}],"replies":[{"embeddable":true,"href":"https:\/\/revistatrend.com\/index.php\/wp-json\/wp\/v2\/comments?post=14707"}],"version-history":[{"count":1,"href":"https:\/\/revistatrend.com\/index.php\/wp-json\/wp\/v2\/posts\/14707\/revisions"}],"predecessor-version":[{"id":14709,"href":"https:\/\/revistatrend.com\/index.php\/wp-json\/wp\/v2\/posts\/14707\/revisions\/14709"}],"wp:featuredmedia":[{"embeddable":true,"href":"https:\/\/revistatrend.com\/index.php\/wp-json\/wp\/v2\/media\/14708"}],"wp:attachment":[{"href":"https:\/\/revistatrend.com\/index.php\/wp-json\/wp\/v2\/media?parent=14707"}],"wp:term":[{"taxonomy":"category","embeddable":true,"href":"https:\/\/revistatrend.com\/index.php\/wp-json\/wp\/v2\/categories?post=14707"},{"taxonomy":"post_tag","embeddable":true,"href":"https:\/\/revistatrend.com\/index.php\/wp-json\/wp\/v2\/tags?post=14707"}],"curies":[{"name":"wp","href":"https:\/\/api.w.org\/{rel}","templated":true}]}}