{"id":14713,"date":"2026-03-09T14:24:14","date_gmt":"2026-03-09T14:24:14","guid":{"rendered":"https:\/\/revistatrend.com\/?p=14713"},"modified":"2026-03-09T14:24:14","modified_gmt":"2026-03-09T14:24:14","slug":"pamjet-e-xhensiles-dhe-ledrit-duke-u-puthur-vjen-reagimi-i-bes-kallakut","status":"publish","type":"post","link":"https:\/\/revistatrend.com\/index.php\/2026\/03\/09\/pamjet-e-xhensiles-dhe-ledrit-duke-u-puthur-vjen-reagimi-i-bes-kallakut\/","title":{"rendered":"Pamjet e Xhensil\u00ebs dhe Ledrit duke u puthur, vjen reagimi i Bes Kallakut"},"content":{"rendered":"<p>Videoja e fundit ku shfaqen s\u00eb bashku Ledri Vula dhe Xhensila Myrtezaj ka b\u00ebr\u00eb xhiron e rrjeteve sociale, duke ndezur menj\u00ebher\u00eb diskutime dhe komente t\u00eb shumta mes fansave. Pamjet, t\u00eb cilat u shp\u00ebrndan\u00eb me shpejt\u00ebsi n\u00eb platforma t\u00eb ndryshme, duket se konfirmojn\u00eb z\u00ebrat dhe thashethemet q\u00eb prej koh\u00ebsh qarkullonin p\u00ebr nj\u00eb lidhje t\u00eb mundshme mes dy artist\u00ebve.<\/p>\n<p>Mes gjith\u00eb k\u00ebsaj buje n\u00eb rrjet, nuk ka munguar edhe nj\u00eb reagim tjet\u00ebr.\u00a0 Aktori dhe k\u00ebng\u00ebtari Bes Kallaku, ish-bashk\u00ebshorti i k\u00ebng\u00ebtares, ka b\u00ebr\u00eb nj\u00eb postim n\u00eb rrjetet sociale q\u00eb shum\u00ebkush e ka lidhur menj\u00ebher\u00eb me situat\u00ebn.<\/p>\n<p>Ai ka publikuar nj\u00eb foto t\u00eb tij\u00ebn ku shfaqet duke buz\u00ebqeshur, nd\u00ebrsa krahas saj ka shkruar n\u00eb anglisht:\u00a0<em><strong>\u201cThe reason behind this smile\u201d (Arsyeja pas k\u00ebsaj buz\u00ebqeshjeje).<\/p>\n<p><\/strong><\/em><\/p>\n<div class=\"kodiim\" data-mce-contenteditable=\"false\"><iframe id=\"instagram-embed-0\" class=\"instagram-media instagram-media-rendered\" src=\"https:\/\/www.instagram.com\/p\/DVog3ZfCL5o\/embed\/captioned\/?cr=1&amp;v=14&amp;wp=540&amp;rd=https%3A%2F%2Fbordo.al&amp;rp=%2Fcelebrity%2Fpamjet-e-xhensiles-dhe-besit-duke-u-puthur-vjen-reagimi-i-bes-kallakut-i107071#%7B%22ci%22%3A0%2C%22os%22%3A1434.7999999523163%2C%22ls%22%3A179.40000009536743%2C%22le%22%3A617%7D\" height=\"907\" frameborder=\"0\" scrolling=\"no\" allowfullscreen=\"allowfullscreen\" data-instgrm-payload-id=\"instagram-media-payload-0\" data-mce-fragment=\"1\"><\/iframe><\/div>\n<p>Postimi ka ngjallur menj\u00ebher\u00eb reagime dhe interpretime t\u00eb ndryshme nga ndjek\u00ebsit. Disa e kan\u00eb par\u00eb si nj\u00eb mesazh t\u00eb drejtp\u00ebrdrejt\u00eb lidhur me lajmet q\u00eb po qarkullojn\u00eb p\u00ebr Ledri Vul\u00ebn dhe Xhensila Myrtezajn, nd\u00ebrsa t\u00eb tjer\u00eb mendojn\u00eb se mund t\u00eb jet\u00eb thjesht nj\u00eb rast\u00ebsi dhe nuk lidhet domosdoshm\u00ebrisht me situat\u00ebn e krijuar.<\/p>\n","protected":false},"excerpt":{"rendered":"<p>Videoja e fundit ku shfaqen s\u00eb bashku Ledri Vula dhe Xhensila Myrtezaj ka b\u00ebr\u00eb xhiron e rrjeteve sociale, duke ndezur menj\u00ebher\u00eb diskutime dhe komente t\u00eb shumta mes fansave. Pamjet, t\u00eb cilat u shp\u00ebrndan\u00eb me shpejt\u00ebsi n\u00eb platforma t\u00eb ndryshme, duket se konfirmojn\u00eb z\u00ebrat dhe thashethemet q\u00eb prej koh\u00ebsh qarkullonin p\u00ebr nj\u00eb lidhje t\u00eb mundshme mes<\/p>\n","protected":false},"author":1,"featured_media":14714,"comment_status":"open","ping_status":"open","sticky":false,"template":"","format":"standard","meta":{"footnotes":""},"categories":[10],"tags":[],"class_list":{"0":"post-14713","1":"post","2":"type-post","3":"status-publish","4":"format-standard","5":"has-post-thumbnail","7":"category-showbiz"},"_links":{"self":[{"href":"https:\/\/revistatrend.com\/index.php\/wp-json\/wp\/v2\/posts\/14713","targetHints":{"allow":["GET"]}}],"collection":[{"href":"https:\/\/revistatrend.com\/index.php\/wp-json\/wp\/v2\/posts"}],"about":[{"href":"https:\/\/revistatrend.com\/index.php\/wp-json\/wp\/v2\/types\/post"}],"author":[{"embeddable":true,"href":"https:\/\/revistatrend.com\/index.php\/wp-json\/wp\/v2\/users\/1"}],"replies":[{"embeddable":true,"href":"https:\/\/revistatrend.com\/index.php\/wp-json\/wp\/v2\/comments?post=14713"}],"version-history":[{"count":1,"href":"https:\/\/revistatrend.com\/index.php\/wp-json\/wp\/v2\/posts\/14713\/revisions"}],"predecessor-version":[{"id":14715,"href":"https:\/\/revistatrend.com\/index.php\/wp-json\/wp\/v2\/posts\/14713\/revisions\/14715"}],"wp:featuredmedia":[{"embeddable":true,"href":"https:\/\/revistatrend.com\/index.php\/wp-json\/wp\/v2\/media\/14714"}],"wp:attachment":[{"href":"https:\/\/revistatrend.com\/index.php\/wp-json\/wp\/v2\/media?parent=14713"}],"wp:term":[{"taxonomy":"category","embeddable":true,"href":"https:\/\/revistatrend.com\/index.php\/wp-json\/wp\/v2\/categories?post=14713"},{"taxonomy":"post_tag","embeddable":true,"href":"https:\/\/revistatrend.com\/index.php\/wp-json\/wp\/v2\/tags?post=14713"}],"curies":[{"name":"wp","href":"https:\/\/api.w.org\/{rel}","templated":true}]}}