{"id":14716,"date":"2026-03-09T14:30:28","date_gmt":"2026-03-09T14:30:28","guid":{"rendered":"https:\/\/revistatrend.com\/?p=14716"},"modified":"2026-03-09T14:30:28","modified_gmt":"2026-03-09T14:30:28","slug":"me-perkedhel-dhe-kur-nuk-e-meritoj-anita-haradinaj-mohon-titujt-per-dhune-dhe-tregon-kujdesin-e-ramushit","status":"publish","type":"post","link":"https:\/\/revistatrend.com\/index.php\/2026\/03\/09\/me-perkedhel-dhe-kur-nuk-e-meritoj-anita-haradinaj-mohon-titujt-per-dhune-dhe-tregon-kujdesin-e-ramushit\/","title":{"rendered":"&#8220;M\u00eb p\u00ebrk\u00ebdhel dhe kur nuk e meritoj&#8221; Anita Haradinaj mohon titujt p\u00ebr dhun\u00eb dhe tregon kujdesin e Ramushit"},"content":{"rendered":"<p>Anita Haradinaj u shfaq tejet e emocionuar teksa fliste p\u00ebr bashk\u00ebshortin e saj Ramushin, duke zbuluar nj\u00eb an\u00eb t\u00eb tij q\u00eb shpesh nuk shihet n\u00eb publik.<\/p>\n<p>N\u00eb nj\u00eb intervist\u00eb n\u00eb podcastin e moderuar nga Grida Duma, ajo e p\u00ebrshkroi ish-kryeministrin e Kosov\u00ebs si nj\u00eb burr\u00eb q\u00eb ka arritur t\u00eb realizoj\u00eb ambiciet dhe krenarin\u00eb e tij, por q\u00eb mbi t\u00eb gjitha \u00ebsht\u00eb nj\u00eb partner i v\u00ebmendsh\u00ebm, i cili di t\u00eb tregoj\u00eb kujdes dhe p\u00ebrkujdesje edhe n\u00eb momentet m\u00eb t\u00eb thjeshta t\u00eb jet\u00ebs s\u00eb p\u00ebrditshme.<\/p>\n<blockquote><p><em><strong>\u201c\u00cbsht\u00eb ai lloji i njeriut q\u00eb, edhe kur ndoshta nuk do t\u00eb duhej, gjen koh\u00ebn dhe forc\u00ebn p\u00ebr t\u00eb m\u00eb p\u00ebrk\u00ebdhelur. Edhe kur nuk e meritoj, edhe kur jam ndoshta m\u00eb e llastuara n\u00eb sht\u00ebpi, ai gjithmon\u00eb gjen m\u00ebnyr\u00ebn p\u00ebr t\u00eb m\u00eb treguar dashurin\u00eb e tij,\u201d<\/strong>\u00a0<\/em>rr\u00ebfeu Anita Haradinaj me nj\u00eb ndjesi t\u00eb thell\u00eb t\u00eb respektit dhe dashuris\u00eb.<\/p><\/blockquote>\n<p>Gjat\u00eb bised\u00ebs, ajo reagoi gjithashtu ndaj disa titujve n\u00eb media q\u00eb p\u00ebrflisnin dhun\u00eb n\u00eb familje, duke i quajtur plot\u00ebsisht t\u00eb pav\u00ebrtet\u00eb. Sipas saj, nj\u00eb burr\u00eb q\u00eb ndihet i p\u00ebrmbushur dhe i sigurt n\u00eb vetvete nuk ka nevoj\u00eb t\u00eb p\u00ebrdor\u00eb forc\u00ebn p\u00ebr t\u00eb imponuar veten tek nj\u00eb grua.<\/p>\n<blockquote><p><em><strong>\u201cNj\u00eb burr\u00eb i realizuar nuk shkon kurr\u00eb p\u00ebr t\u00eb treguar forc\u00ebn te partnerja e tij. Forca e v\u00ebrtet\u00eb nuk ka nevoj\u00eb t\u00eb shfaqet n\u00eb marr\u00ebdh\u00ebnie, ajo duhet p\u00ebrdorur vet\u00ebm aty ku ka domosdoshm\u00ebri,\u201d<\/strong>\u00a0<\/em>shtoi ajo.<\/p><\/blockquote>\n<p>N\u00eb fjal\u00ebt e saj, Anita dha nj\u00eb imazh t\u00eb nj\u00eb marr\u00ebdh\u00ebnieje t\u00eb bazuar mbi respekt, kujdes dhe dashuri t\u00eb nd\u00ebrsjell\u00eb, duke treguar se forca nuk \u00ebsht\u00eb kurr\u00eb shprehje e pushtetit mbi tjetrin, por nj\u00eb vler\u00eb q\u00eb duhet p\u00ebrdorur n\u00eb momentet e duhura dhe me maturi.<\/p>\n","protected":false},"excerpt":{"rendered":"<p>Anita Haradinaj u shfaq tejet e emocionuar teksa fliste p\u00ebr bashk\u00ebshortin e saj Ramushin, duke zbuluar nj\u00eb an\u00eb t\u00eb tij q\u00eb shpesh nuk shihet n\u00eb publik. N\u00eb nj\u00eb intervist\u00eb n\u00eb podcastin e moderuar nga Grida Duma, ajo e p\u00ebrshkroi ish-kryeministrin e Kosov\u00ebs si nj\u00eb burr\u00eb q\u00eb ka arritur t\u00eb realizoj\u00eb ambiciet dhe krenarin\u00eb e tij,<\/p>\n","protected":false},"author":1,"featured_media":14717,"comment_status":"open","ping_status":"open","sticky":false,"template":"","format":"standard","meta":{"footnotes":""},"categories":[10],"tags":[],"class_list":{"0":"post-14716","1":"post","2":"type-post","3":"status-publish","4":"format-standard","5":"has-post-thumbnail","7":"category-showbiz"},"_links":{"self":[{"href":"https:\/\/revistatrend.com\/index.php\/wp-json\/wp\/v2\/posts\/14716","targetHints":{"allow":["GET"]}}],"collection":[{"href":"https:\/\/revistatrend.com\/index.php\/wp-json\/wp\/v2\/posts"}],"about":[{"href":"https:\/\/revistatrend.com\/index.php\/wp-json\/wp\/v2\/types\/post"}],"author":[{"embeddable":true,"href":"https:\/\/revistatrend.com\/index.php\/wp-json\/wp\/v2\/users\/1"}],"replies":[{"embeddable":true,"href":"https:\/\/revistatrend.com\/index.php\/wp-json\/wp\/v2\/comments?post=14716"}],"version-history":[{"count":1,"href":"https:\/\/revistatrend.com\/index.php\/wp-json\/wp\/v2\/posts\/14716\/revisions"}],"predecessor-version":[{"id":14718,"href":"https:\/\/revistatrend.com\/index.php\/wp-json\/wp\/v2\/posts\/14716\/revisions\/14718"}],"wp:featuredmedia":[{"embeddable":true,"href":"https:\/\/revistatrend.com\/index.php\/wp-json\/wp\/v2\/media\/14717"}],"wp:attachment":[{"href":"https:\/\/revistatrend.com\/index.php\/wp-json\/wp\/v2\/media?parent=14716"}],"wp:term":[{"taxonomy":"category","embeddable":true,"href":"https:\/\/revistatrend.com\/index.php\/wp-json\/wp\/v2\/categories?post=14716"},{"taxonomy":"post_tag","embeddable":true,"href":"https:\/\/revistatrend.com\/index.php\/wp-json\/wp\/v2\/tags?post=14716"}],"curies":[{"name":"wp","href":"https:\/\/api.w.org\/{rel}","templated":true}]}}