{"id":14722,"date":"2026-03-10T14:16:18","date_gmt":"2026-03-10T14:16:18","guid":{"rendered":"https:\/\/revistatrend.com\/?p=14722"},"modified":"2026-03-10T14:16:18","modified_gmt":"2026-03-10T14:16:18","slug":"prerja-e-re-e-flokeve-te-margot-robbie-eshte-inspirimi-qe-te-duhet-kete-pranvere","status":"publish","type":"post","link":"https:\/\/revistatrend.com\/index.php\/2026\/03\/10\/prerja-e-re-e-flokeve-te-margot-robbie-eshte-inspirimi-qe-te-duhet-kete-pranvere\/","title":{"rendered":"Prerja e re e flok\u00ebve t\u00eb Margot Robbie \u00ebsht\u00eb inspirimi q\u00eb t\u00eb duhet k\u00ebt\u00eb pranver\u00eb!"},"content":{"rendered":"<p>Aktorja australiane Margot Robbie ka t\u00ebrhequr v\u00ebmendjen n\u00eb Paris Fashion Week pasi u shfaq me nj\u00eb model t\u00eb ri flok\u00ebsh gjat\u00eb prezantimit t\u00eb koleksionit vjesht\u00eb\/dim\u00ebr 2026 t\u00eb sht\u00ebpis\u00eb s\u00eb mod\u00ebs Chanel n\u00eb t\u00eb cil\u00ebn ajo \u00ebsht\u00eb ambasadore e brandit.<\/p>\n<p>35-vje\u00e7arja debutoi nj\u00eb prerje \u201clob\u201d (long bob) t\u00eb shoq\u00ebruar me baluke t\u00eb lehta, nj\u00eb ndryshim i duksh\u00ebm nga flok\u00ebt e saj t\u00eb gjat\u00eb biond\u00eb q\u00eb kishte mbajtur n\u00eb paraqitjet e fundit publike. Robbie ishte ulur n\u00eb rreshtin e par\u00eb s\u00eb bashku me k\u00ebng\u00ebtaren australiane Kylie Minogue dhe artisten britanike Olivia Dean.<\/p>\n<p>Shfaqja u mbajt n\u00eb ambientet e Grand Palais, ku skenografia me struktura t\u00eb m\u00ebdha vin\u00e7ash t\u00eb ndri\u00e7uara me ngjyra primare krijoi nj\u00eb atmosfer\u00eb q\u00eb i ngjante nj\u00eb kantieri nd\u00ebrtimi. Drejtori kreativ i Chanel, Matthieu Blazy, tha se ideja simbolizonte \u201cnd\u00ebrtimin e nj\u00eb \u00ebndrre\u201d, nd\u00ebrsa vazhdon t\u00eb riform\u00ebsoj\u00eb sht\u00ebpin\u00eb e mod\u00ebs t\u00eb themeluar nga Coco Chanel n\u00eb vitin 1910.<\/p>\n<p><img decoding=\"async\" src=\"https:\/\/cdnimpuls.com\/bordo.al\/media3\/-900-0-1773138777xa299afa2948e4e38a46fdced1d4ed7e3-225.webp\" alt=\"Prerja e re e flok\u00ebve t\u00eb Margot Robbie \u00ebsht\u00eb inspirimi\" width=\"100%\" data-size=\"x\" data-id=\"130367\" \/><\/p>\n<div class=\"teads-inread sm-screen teads-display-format\">\n<div>\n<div id=\"teads0\" class=\"teads-player\"><\/div>\n<\/div>\n<\/div>\n<p><img decoding=\"async\" src=\"https:\/\/cdnimpuls.com\/bordo.al\/media3\/-900-0-1773138782xc8c71d973c8142a4b8dba806beb538e8-843.webp\" alt=\"Prerja e re e flok\u00ebve t\u00eb Margot Robbie \u00ebsht\u00eb inspirimi\" width=\"100%\" data-size=\"x\" data-id=\"130368\" \/><\/p>\n<div class=\"insertion-box\">\n<div class=\"\">\n<div id=\"t69b0276c250ce\" data-p=\"100\"><\/div>\n<\/div>\n<\/div>\n<p><img decoding=\"async\" src=\"https:\/\/cdnimpuls.com\/bordo.al\/media3\/-900-0-1773138783x9b207c20ee2b4597a69f20da527eab3b-417.webp\" alt=\"Prerja e re e flok\u00ebve t\u00eb Margot Robbie \u00ebsht\u00eb inspirimi\" width=\"100%\" data-size=\"x\" data-id=\"130370\" \/><\/p>\n<p><img decoding=\"async\" src=\"https:\/\/cdnimpuls.com\/bordo.al\/media3\/-900-0-1773138784xa1517771ac804586984974e7dbe75506-636.webp\" alt=\"Prerja e re e flok\u00ebve t\u00eb Margot Robbie \u00ebsht\u00eb inspirimi\" width=\"100%\" data-size=\"x\" data-id=\"130371\" \/><\/p>\n<p>Modeli i ri i flok\u00ebve t\u00eb Robbie u realizua nga stilisti Cervando Maldonado, i cili tha p\u00ebr Vogue se prerja \u201cbob\u201d me baluke \u00ebsht\u00eb nj\u00eb stil modern p\u00ebr pranver\u00ebn dhe ver\u00ebn, pasi ofron fleksibilitet dhe mund\u00ebsi t\u00eb ndryshme stilimi.<br \/>\n<img decoding=\"async\" src=\"https:\/\/cdnimpuls.com\/bordo.al\/media3\/-900-0-1773138979xmargot6-687eac9ccbc048088ba8c2f65c4d4312-424.jpg\" alt=\"Prerja e re e flok\u00ebve t\u00eb Margot Robbie \u00ebsht\u00eb inspirimi\" width=\"100%\" data-size=\"x\" data-id=\"130375\" \/><\/p>\n<p>Prerja \u201clob\u201d \u00ebsht\u00eb b\u00ebr\u00eb gjithnj\u00eb e m\u00eb popullore n\u00eb mesin e personazheve t\u00eb njohur, me aktore si Pen\u00e9lope Cruz, Sienna Miller dhe Victoria Beckham q\u00eb jan\u00eb shfaqur s\u00eb fundmi me stile t\u00eb ngjashme.<\/p>\n<p><img decoding=\"async\" src=\"https:\/\/cdnimpuls.com\/bordo.al\/media3\/-900-0-1773138889x489446444-471.webp\" alt=\"Prerja e re e flok\u00ebve t\u00eb Margot Robbie \u00ebsht\u00eb inspirimi\" width=\"100%\" data-size=\"x\" data-id=\"130372\" \/><\/p>\n<p><img decoding=\"async\" src=\"https:\/\/cdnimpuls.com\/bordo.al\/media3\/-900-0-1773138890x2219477005-463.webp\" alt=\"Prerja e re e flok\u00ebve t\u00eb Margot Robbie \u00ebsht\u00eb inspirimi\" width=\"100%\" data-size=\"x\" data-id=\"130373\" \/><\/p>\n<p><img decoding=\"async\" src=\"https:\/\/cdnimpuls.com\/bordo.al\/media3\/-900-0-1773139396xgettyimages-1921028828-169.webp\" alt=\"Prerja e re e flok\u00ebve t\u00eb Margot Robbie \u00ebsht\u00eb inspirimi\" width=\"100%\" data-size=\"x\" data-id=\"130376\" \/><\/p>\n<p>Paraqitja e Robbie n\u00eb Paris Fashion Week \u00ebsht\u00eb nd\u00ebr momentet m\u00eb t\u00eb komentuara t\u00eb eventit, duke konfirmuar edhe nj\u00eb her\u00eb ndikimin e saj n\u00eb trendet e mod\u00ebs dhe bukuris\u00eb.<\/p>\n<div class=\"gallery-wrapper\">\n<h3 class=\"gallery-title\">Galeria fotografike<\/h3>\n<div class=\"gallery-grid\"><a href=\"https:\/\/cdnimpuls.com\/bordo.al\/media3\/-0-920-1773139396xgettyimages-1921028828-169.webp\" data-fancybox=\"galleryfoto\"><img decoding=\"async\" src=\"https:\/\/cdnimpuls.com\/bordo.al\/media3\/-390-267-1773139396xgettyimages-1921028828-169.webp\" \/><\/a><a href=\"https:\/\/cdnimpuls.com\/bordo.al\/media3\/-0-920-1773138979xmargot6-687eac9ccbc048088ba8c2f65c4d4312-424.jpg\" data-fancybox=\"galleryfoto\"><img decoding=\"async\" src=\"https:\/\/cdnimpuls.com\/bordo.al\/media3\/-390-267-1773138979xmargot6-687eac9ccbc048088ba8c2f65c4d4312-424.jpg\" \/><\/a><a href=\"https:\/\/cdnimpuls.com\/bordo.al\/media3\/-0-920-1773138891ximages-418.jpg\" data-fancybox=\"galleryfoto\"><img decoding=\"async\" src=\"https:\/\/cdnimpuls.com\/bordo.al\/media3\/-390-267-1773138891ximages-418.jpg\" \/><\/a><a href=\"https:\/\/cdnimpuls.com\/bordo.al\/media3\/-0-920-1773138890x2219477005-463.webp\" data-fancybox=\"galleryfoto\"><img decoding=\"async\" src=\"https:\/\/cdnimpuls.com\/bordo.al\/media3\/-390-267-1773138890x2219477005-463.webp\" \/><\/a><a href=\"https:\/\/cdnimpuls.com\/bordo.al\/media3\/-0-920-1773138889x489446444-471.webp\" data-fancybox=\"galleryfoto\"><img decoding=\"async\" src=\"https:\/\/cdnimpuls.com\/bordo.al\/media3\/-390-267-1773138889x489446444-471.webp\" \/><\/a><a href=\"https:\/\/cdnimpuls.com\/bordo.al\/media3\/-0-920-1773138784xa1517771ac804586984974e7dbe75506-636.webp\" data-fancybox=\"galleryfoto\"><img decoding=\"async\" src=\"https:\/\/cdnimpuls.com\/bordo.al\/media3\/-390-267-1773138784xa1517771ac804586984974e7dbe75506-636.webp\" \/><\/a><a href=\"https:\/\/cdnimpuls.com\/bordo.al\/media3\/-0-920-1773138783x9b207c20ee2b4597a69f20da527eab3b-417.webp\" data-fancybox=\"galleryfoto\"><img decoding=\"async\" src=\"https:\/\/cdnimpuls.com\/bordo.al\/media3\/-390-267-1773138783x9b207c20ee2b4597a69f20da527eab3b-417.webp\" \/><\/a><a href=\"https:\/\/cdnimpuls.com\/bordo.al\/media3\/-0-920-1773138783x578c320b61834855a2629535013ced65-137.webp\" data-fancybox=\"galleryfoto\"><img decoding=\"async\" src=\"https:\/\/cdnimpuls.com\/bordo.al\/media3\/-390-267-1773138783x578c320b61834855a2629535013ced65-137.webp\" \/><\/a><a href=\"https:\/\/cdnimpuls.com\/bordo.al\/media3\/-0-920-1773138782xc8c71d973c8142a4b8dba806beb538e8-843.webp\" data-fancybox=\"galleryfoto\"><img decoding=\"async\" src=\"https:\/\/cdnimpuls.com\/bordo.al\/media3\/-390-267-1773138782xc8c71d973c8142a4b8dba806beb538e8-843.webp\" \/><\/a><a href=\"https:\/\/cdnimpuls.com\/bordo.al\/media3\/-0-920-1773138777xa299afa2948e4e38a46fdced1d4ed7e3-225.webp\" data-fancybox=\"galleryfoto\"><img decoding=\"async\" src=\"https:\/\/cdnimpuls.com\/bordo.al\/media3\/-390-267-1773138777xa299afa2948e4e38a46fdced1d4ed7e3-225.webp\" \/><\/a><\/div>\n<\/div>\n","protected":false},"excerpt":{"rendered":"<p>Aktorja australiane Margot Robbie ka t\u00ebrhequr v\u00ebmendjen n\u00eb Paris Fashion Week pasi u shfaq me nj\u00eb model t\u00eb ri flok\u00ebsh gjat\u00eb prezantimit t\u00eb koleksionit vjesht\u00eb\/dim\u00ebr 2026 t\u00eb sht\u00ebpis\u00eb s\u00eb mod\u00ebs Chanel n\u00eb t\u00eb cil\u00ebn ajo \u00ebsht\u00eb ambasadore e brandit. 35-vje\u00e7arja debutoi nj\u00eb prerje \u201clob\u201d (long bob) t\u00eb shoq\u00ebruar me baluke t\u00eb lehta, nj\u00eb ndryshim i<\/p>\n","protected":false},"author":1,"featured_media":14723,"comment_status":"open","ping_status":"open","sticky":false,"template":"","format":"standard","meta":{"footnotes":""},"categories":[10],"tags":[],"class_list":{"0":"post-14722","1":"post","2":"type-post","3":"status-publish","4":"format-standard","5":"has-post-thumbnail","7":"category-showbiz"},"_links":{"self":[{"href":"https:\/\/revistatrend.com\/index.php\/wp-json\/wp\/v2\/posts\/14722","targetHints":{"allow":["GET"]}}],"collection":[{"href":"https:\/\/revistatrend.com\/index.php\/wp-json\/wp\/v2\/posts"}],"about":[{"href":"https:\/\/revistatrend.com\/index.php\/wp-json\/wp\/v2\/types\/post"}],"author":[{"embeddable":true,"href":"https:\/\/revistatrend.com\/index.php\/wp-json\/wp\/v2\/users\/1"}],"replies":[{"embeddable":true,"href":"https:\/\/revistatrend.com\/index.php\/wp-json\/wp\/v2\/comments?post=14722"}],"version-history":[{"count":1,"href":"https:\/\/revistatrend.com\/index.php\/wp-json\/wp\/v2\/posts\/14722\/revisions"}],"predecessor-version":[{"id":14724,"href":"https:\/\/revistatrend.com\/index.php\/wp-json\/wp\/v2\/posts\/14722\/revisions\/14724"}],"wp:featuredmedia":[{"embeddable":true,"href":"https:\/\/revistatrend.com\/index.php\/wp-json\/wp\/v2\/media\/14723"}],"wp:attachment":[{"href":"https:\/\/revistatrend.com\/index.php\/wp-json\/wp\/v2\/media?parent=14722"}],"wp:term":[{"taxonomy":"category","embeddable":true,"href":"https:\/\/revistatrend.com\/index.php\/wp-json\/wp\/v2\/categories?post=14722"},{"taxonomy":"post_tag","embeddable":true,"href":"https:\/\/revistatrend.com\/index.php\/wp-json\/wp\/v2\/tags?post=14722"}],"curies":[{"name":"wp","href":"https:\/\/api.w.org\/{rel}","templated":true}]}}