{"id":14731,"date":"2026-03-10T14:20:55","date_gmt":"2026-03-10T14:20:55","guid":{"rendered":"https:\/\/revistatrend.com\/?p=14731"},"modified":"2026-03-10T14:20:55","modified_gmt":"2026-03-10T14:20:55","slug":"fifi-se-shpejti-ne-koncertin-e-pare-recital-do-te-vij-me-historine-time","status":"publish","type":"post","link":"https:\/\/revistatrend.com\/index.php\/2026\/03\/10\/fifi-se-shpejti-ne-koncertin-e-pare-recital-do-te-vij-me-historine-time\/","title":{"rendered":"Fifi s\u00eb shpejti n\u00eb koncertin e par\u00eb recital: Do t\u00eb vij me historin\u00eb time"},"content":{"rendered":"<p>Fifi ka njoftuar zyrtarisht se do t\u00eb realizoj\u00eb koncertin e saj t\u00eb par\u00eb recital, nj\u00eb ngjarje q\u00eb pritet t\u00eb b\u00ebhet nj\u00eb nga m\u00eb t\u00eb r\u00ebnd\u00ebsishmet kulturore t\u00eb pranver\u00ebs n\u00eb Tiran\u00eb.<\/p>\n<p>M\u00eb 25 prill, Pallati i Kongreseve do t\u00eb hap\u00eb dyert p\u00ebr nj\u00eb mbr\u00ebmje t\u00eb mbushur me muzik\u00eb, emocione dhe surpriza t\u00eb ve\u00e7anta nga artistja.<\/p>\n<p>P\u00ebrmes nj\u00eb video-mesazhi emocionues n\u00eb rrjetet sociale, Fifi ka zbuluar se ky projekt \u00ebsht\u00eb rezultat i muajve t\u00eb t\u00ebr\u00eb pune intensive. Bashk\u00eb me ekipin e saj, ajo ka punuar p\u00ebr \u00e7do detaj: nga repertori dhe skenografia, deri te energjia dhe atmosfera e nat\u00ebs, p\u00ebr t\u2019i ofruar publikut nj\u00eb eksperienc\u00eb t\u00eb paharrueshme.<\/p>\n<p><em>\u201cPo vij me historin\u00eb time, me muzik\u00ebn, ndjenj\u00ebn, zemr\u00ebn\u2026 Kjo \u00ebsht\u00eb dhurata ime p\u00ebr ju q\u00eb e doni muzik\u00ebn time,\u201d\u00a0<\/em>ka th\u00ebn\u00eb Fifi, duke e konsideruar koncertin nj\u00eb dedikim p\u00ebr t\u00eb gjith\u00eb ata q\u00eb e kan\u00eb mb\u00ebshtetur gjat\u00eb viteve.<\/p>\n<p>Fansat do t\u00eb ken\u00eb mund\u00ebsin\u00eb t\u00eb ndjejn\u00eb af\u00ebrsin\u00eb dhe emocionin e sken\u00ebs, duke p\u00ebrjetuar \u00e7do not\u00eb dhe varg t\u00eb k\u00ebng\u00ebs s\u00eb saj.<\/p>\n<p>Biletat p\u00ebr k\u00ebt\u00eb ngjarje t\u00eb ve\u00e7ant\u00eb do t\u00eb dalin s\u00eb shpejti, dhe pritet q\u00eb t\u00eb shiten shpejt p\u00ebr shkak t\u00eb interesit t\u00eb madh nga publiku.<\/p>\n","protected":false},"excerpt":{"rendered":"<p>Fifi ka njoftuar zyrtarisht se do t\u00eb realizoj\u00eb koncertin e saj t\u00eb par\u00eb recital, nj\u00eb ngjarje q\u00eb pritet t\u00eb b\u00ebhet nj\u00eb nga m\u00eb t\u00eb r\u00ebnd\u00ebsishmet kulturore t\u00eb pranver\u00ebs n\u00eb Tiran\u00eb. M\u00eb 25 prill, Pallati i Kongreseve do t\u00eb hap\u00eb dyert p\u00ebr nj\u00eb mbr\u00ebmje t\u00eb mbushur me muzik\u00eb, emocione dhe surpriza t\u00eb ve\u00e7anta nga artistja. P\u00ebrmes<\/p>\n","protected":false},"author":1,"featured_media":14732,"comment_status":"open","ping_status":"open","sticky":false,"template":"","format":"standard","meta":{"footnotes":""},"categories":[10],"tags":[],"class_list":{"0":"post-14731","1":"post","2":"type-post","3":"status-publish","4":"format-standard","5":"has-post-thumbnail","7":"category-showbiz"},"_links":{"self":[{"href":"https:\/\/revistatrend.com\/index.php\/wp-json\/wp\/v2\/posts\/14731","targetHints":{"allow":["GET"]}}],"collection":[{"href":"https:\/\/revistatrend.com\/index.php\/wp-json\/wp\/v2\/posts"}],"about":[{"href":"https:\/\/revistatrend.com\/index.php\/wp-json\/wp\/v2\/types\/post"}],"author":[{"embeddable":true,"href":"https:\/\/revistatrend.com\/index.php\/wp-json\/wp\/v2\/users\/1"}],"replies":[{"embeddable":true,"href":"https:\/\/revistatrend.com\/index.php\/wp-json\/wp\/v2\/comments?post=14731"}],"version-history":[{"count":1,"href":"https:\/\/revistatrend.com\/index.php\/wp-json\/wp\/v2\/posts\/14731\/revisions"}],"predecessor-version":[{"id":14733,"href":"https:\/\/revistatrend.com\/index.php\/wp-json\/wp\/v2\/posts\/14731\/revisions\/14733"}],"wp:featuredmedia":[{"embeddable":true,"href":"https:\/\/revistatrend.com\/index.php\/wp-json\/wp\/v2\/media\/14732"}],"wp:attachment":[{"href":"https:\/\/revistatrend.com\/index.php\/wp-json\/wp\/v2\/media?parent=14731"}],"wp:term":[{"taxonomy":"category","embeddable":true,"href":"https:\/\/revistatrend.com\/index.php\/wp-json\/wp\/v2\/categories?post=14731"},{"taxonomy":"post_tag","embeddable":true,"href":"https:\/\/revistatrend.com\/index.php\/wp-json\/wp\/v2\/tags?post=14731"}],"curies":[{"name":"wp","href":"https:\/\/api.w.org\/{rel}","templated":true}]}}