{"id":14750,"date":"2026-03-11T14:24:39","date_gmt":"2026-03-11T14:24:39","guid":{"rendered":"https:\/\/revistatrend.com\/?p=14750"},"modified":"2026-03-11T14:24:39","modified_gmt":"2026-03-11T14:24:39","slug":"chiara-ferragni-nis-nje-lidhje-te-re-kush-eshte-i-dashuri-i-saj-fotot-i-zbulojne-se-bashku","status":"publish","type":"post","link":"https:\/\/revistatrend.com\/index.php\/2026\/03\/11\/chiara-ferragni-nis-nje-lidhje-te-re-kush-eshte-i-dashuri-i-saj-fotot-i-zbulojne-se-bashku\/","title":{"rendered":"Chiara Ferragni nis nj\u00eb lidhje t\u00eb re, kush \u00ebsht\u00eb i dashuri i saj? Fotot i zbulojn\u00eb s\u00eb bashku"},"content":{"rendered":"<p>Chiara Ferragni duket se ka nisur nj\u00eb kapitull t\u00eb ri n\u00eb jet\u00ebn e saj sentimentale. Influencerja dhe sip\u00ebrmarr\u00ebsja italiane \u00ebsht\u00eb fotografuar s\u00eb fundmi n\u00eb Milan n\u00eb shoq\u00ebrin\u00eb e t\u00eb dashurit t\u00eb ri, Jos\u00e9 Hernandez.<\/p>\n<p>Sipas mediave italiane, Hernandez \u00ebsht\u00eb nj\u00eb menaxher me origjin\u00eb kolumbiane q\u00eb punon p\u00ebr nj\u00eb kompani nd\u00ebrkomb\u00ebtare t\u00eb prodhimit t\u00eb gomave. \u00c7ifti u pa duke b\u00ebr\u00eb nj\u00eb sh\u00ebtitje n\u00eb nj\u00eb park t\u00eb Milanos, s\u00eb bashku me qenin e Ferragnit, Paloma. N\u00eb takim ishte e pranishme edhe n\u00ebna e influenceres, Marina Di Guardo.<\/p>\n<p><img fetchpriority=\"high\" decoding=\"async\" src=\"https:\/\/cdnimpuls.com\/bordo.al\/media3\/-900-0-1773225868x69b03566b13e6-556.jpeg\" width=\"339\" height=\"254\" data-size=\"x\" data-id=\"130412\" \/><\/p>\n<p>Fotot e publikuara nga revista italiane Chi tregojn\u00eb momentin kur dyshja shk\u00ebmben edhe nj\u00eb puthje, duke konfirmuar k\u00ebshtu lindjen e marr\u00ebdh\u00ebnies s\u00eb tyre. Sipas raportimeve, njohja mes tyre daton q\u00eb nga pushimet e Krishtlindjeve t\u00eb fundit n\u00eb Kolumbi, ku Ferragni kishte udh\u00ebtuar me motr\u00ebn e saj, Valentina Ferragni, dhe disa miq.<\/p>\n<p><span style=\"font-size: 14px;\">Kjo lidhje vjen pas p\u00ebrfundimit t\u00eb martes\u00ebs s\u00eb saj me reperin italian Fedez dhe pas nj\u00eb romance t\u00eb shkurt\u00ebr me sip\u00ebrmarr\u00ebsin Giovanni Tronchetti Provera.<\/span><\/p>\n<p><img decoding=\"async\" src=\"https:\/\/cdnimpuls.com\/bordo.al\/media3\/-900-0-1773225869xferragni2-1024x874-725.jpg\" width=\"335\" height=\"286\" data-size=\"x\" data-id=\"130413\" \/><\/p>\n<p>P\u00ebr Ferragnin, kjo duket t\u00eb jet\u00eb nj\u00eb faz\u00eb e re n\u00eb jet\u00ebn personale, pasi vitin e fundit ajo u p\u00ebrball edhe me \u00e7\u00ebshtje ligjore q\u00eb p\u00ebrfunduan me zgjidhje dhe lirime nga akuzat. Marr\u00ebdh\u00ebnia me Hernandez duket se sh\u00ebnon nj\u00eb fillim t\u00eb ri dhe nj\u00eb periudh\u00eb m\u00eb t\u00eb qet\u00eb p\u00ebr influenceren italiane.<\/p>\n","protected":false},"excerpt":{"rendered":"<p>Chiara Ferragni duket se ka nisur nj\u00eb kapitull t\u00eb ri n\u00eb jet\u00ebn e saj sentimentale. Influencerja dhe sip\u00ebrmarr\u00ebsja italiane \u00ebsht\u00eb fotografuar s\u00eb fundmi n\u00eb Milan n\u00eb shoq\u00ebrin\u00eb e t\u00eb dashurit t\u00eb ri, Jos\u00e9 Hernandez. Sipas mediave italiane, Hernandez \u00ebsht\u00eb nj\u00eb menaxher me origjin\u00eb kolumbiane q\u00eb punon p\u00ebr nj\u00eb kompani nd\u00ebrkomb\u00ebtare t\u00eb prodhimit t\u00eb gomave. \u00c7ifti<\/p>\n","protected":false},"author":1,"featured_media":14751,"comment_status":"open","ping_status":"open","sticky":false,"template":"","format":"standard","meta":{"footnotes":""},"categories":[10],"tags":[],"class_list":{"0":"post-14750","1":"post","2":"type-post","3":"status-publish","4":"format-standard","5":"has-post-thumbnail","7":"category-showbiz"},"_links":{"self":[{"href":"https:\/\/revistatrend.com\/index.php\/wp-json\/wp\/v2\/posts\/14750","targetHints":{"allow":["GET"]}}],"collection":[{"href":"https:\/\/revistatrend.com\/index.php\/wp-json\/wp\/v2\/posts"}],"about":[{"href":"https:\/\/revistatrend.com\/index.php\/wp-json\/wp\/v2\/types\/post"}],"author":[{"embeddable":true,"href":"https:\/\/revistatrend.com\/index.php\/wp-json\/wp\/v2\/users\/1"}],"replies":[{"embeddable":true,"href":"https:\/\/revistatrend.com\/index.php\/wp-json\/wp\/v2\/comments?post=14750"}],"version-history":[{"count":1,"href":"https:\/\/revistatrend.com\/index.php\/wp-json\/wp\/v2\/posts\/14750\/revisions"}],"predecessor-version":[{"id":14752,"href":"https:\/\/revistatrend.com\/index.php\/wp-json\/wp\/v2\/posts\/14750\/revisions\/14752"}],"wp:featuredmedia":[{"embeddable":true,"href":"https:\/\/revistatrend.com\/index.php\/wp-json\/wp\/v2\/media\/14751"}],"wp:attachment":[{"href":"https:\/\/revistatrend.com\/index.php\/wp-json\/wp\/v2\/media?parent=14750"}],"wp:term":[{"taxonomy":"category","embeddable":true,"href":"https:\/\/revistatrend.com\/index.php\/wp-json\/wp\/v2\/categories?post=14750"},{"taxonomy":"post_tag","embeddable":true,"href":"https:\/\/revistatrend.com\/index.php\/wp-json\/wp\/v2\/tags?post=14750"}],"curies":[{"name":"wp","href":"https:\/\/api.w.org\/{rel}","templated":true}]}}