{"id":14754,"date":"2026-03-12T14:15:53","date_gmt":"2026-03-12T14:15:53","guid":{"rendered":"https:\/\/revistatrend.com\/?p=14754"},"modified":"2026-03-12T14:15:53","modified_gmt":"2026-03-12T14:15:53","slug":"nga-bridgerton-te-moda-e-perditshme-pse-getat-me-dantelle-po-behen-trendi-i-momentit","status":"publish","type":"post","link":"https:\/\/revistatrend.com\/index.php\/2026\/03\/12\/nga-bridgerton-te-moda-e-perditshme-pse-getat-me-dantelle-po-behen-trendi-i-momentit\/","title":{"rendered":"Nga \u2018Bridgerton\u2019 te moda e p\u00ebrditshme: Pse getat me dantell\u00eb po b\u00ebhen trendi i momentit"},"content":{"rendered":"<p>Nj\u00eb nga trendet m\u00eb t\u00eb ve\u00e7anta t\u00eb mod\u00ebs k\u00ebt\u00eb viti \u00ebsht\u00eb rikthimi i getave me dantell\u00eb. T\u00eb frym\u00ebzuara nga estetika romantike e serialit \u201cBridgerton\u201d dhe nga atmosfera klasike e romanit \u201cWuthering Heights\u201d, ky aksesor po shfaqet gjithnj\u00eb e m\u00eb shpesh n\u00eb street style dhe n\u00eb koleksionet e mod\u00ebs.<\/p>\n<p>Getat me dantell\u00eb po vler\u00ebsohen p\u00ebr eleganc\u00ebn dhe shum\u00ebllojshm\u00ebrin\u00eb e tyre. Ato mund t\u00eb kombinohen me veshje romantike, mini-funde p\u00ebr festa apo edhe me kostume m\u00eb formale p\u00ebr nj\u00eb stil m\u00eb t\u00eb sofistikuar. Edhe yje t\u00eb njohur si Kendall Jenner dhe Taylor Swift jan\u00eb par\u00eb duke i p\u00ebrfshir\u00eb n\u00eb paraqitjet e tyre, gj\u00eb q\u00eb ka ndihmuar n\u00eb p\u00ebrhapjen e k\u00ebtij trendi.<\/p>\n<p>Stilist\u00ebt sugjerojn\u00eb disa m\u00ebnyra p\u00ebr t\u2019i integruar n\u00eb garderob\u00eb:<\/p>\n<p>Stil monokromatik: Kombinimi i getave me dantell\u00eb me nj\u00eb veshje t\u00ebr\u00ebsisht n\u00eb t\u00eb nj\u00ebjt\u00ebn ngjyr\u00eb krijon nj\u00eb pamje elegante dhe t\u00eb rregullt.<\/p>\n<p><img decoding=\"async\" src=\"https:\/\/cdnimpuls.com\/bordo.al\/media3\/-900-0-1773324555xgettyimages-2057747987-966550dfccb84e289b0204d69369d0fc-407.webp\" alt=\"Nga \u2018Bridgerton\u2019 te moda e p\u00ebrditshme: Pse getat me\" width=\"100%\" data-size=\"x\" data-id=\"130452\" \/><\/p>\n<div class=\"teads-inread sm-screen teads-display-format\">\n<div id=\"teads0\" class=\"teads-player\"><\/div>\n<\/div>\n<p>Me \u00e7izme t\u00eb gjata: Ky kombinim krijon balanc\u00eb mes teksturave dhe \u00ebsht\u00eb ideal me mini-funde ose pallto voluminoze.<\/p>\n<div class=\"insertion-box\">\n<div class=\"\">\n<div id=\"t69b2c9cf3a227\" data-p=\"100\"><\/div>\n<\/div>\n<\/div>\n<p><img decoding=\"async\" src=\"https:\/\/cdnimpuls.com\/bordo.al\/media3\/-900-0-1773324556xgettyimages-2261853200-9fa4cb1d85ad410184688639f36d8791-411.webp\" alt=\"Nga \u2018Bridgerton\u2019 te moda e p\u00ebrditshme: Pse getat me\" width=\"100%\" data-size=\"x\" data-id=\"130453\" \/><\/p>\n<p>Stili stirrup: Nj\u00eb rikthim nga vitet \u201980 dhe \u201990, k\u00ebto geta mund t\u00eb kombinohen me fustane blazer dhe taka p\u00ebr nj\u00eb pamje moderne.<\/p>\n<p><img decoding=\"async\" src=\"https:\/\/cdnimpuls.com\/bordo.al\/media3\/-900-0-1773324557xgettyimages-2196487813-0992763dc77f417da621ee1d75ce8824-992.webp\" alt=\"Nga \u2018Bridgerton\u2019 te moda e p\u00ebrditshme: Pse getat me\" width=\"100%\" data-size=\"x\" data-id=\"130454\" \/><\/p>\n<p>Nj\u00eb prekje ngjyre: Getat me dantell\u00eb shum\u00ebngjyr\u00ebshe mund t\u00eb thyejn\u00eb monotonin\u00eb e nj\u00eb fustani t\u00eb zi klasik.<\/p>\n<p><img decoding=\"async\" src=\"https:\/\/cdnimpuls.com\/bordo.al\/media3\/-900-0-1773324557xgettyimages-2159432743-0751a5b2df75485a94f647831bf6c51a-450.webp\" alt=\"Nga \u2018Bridgerton\u2019 te moda e p\u00ebrditshme: Pse getat me\" width=\"100%\" data-size=\"x\" data-id=\"130455\" \/><\/p>\n<p>Me loafers: Kombinimi me mokasina krijon nj\u00eb stil urban dhe elegant, perfekt p\u00ebr dit\u00ebn.<\/p>\n<p><img decoding=\"async\" src=\"https:\/\/cdnimpuls.com\/bordo.al\/media3\/-900-0-1773324558xgettyimages-2007523169-bfe7c0cac4d54cf4a1501ef09e53116d-108.webp\" alt=\"Nga \u2018Bridgerton\u2019 te moda e p\u00ebrditshme: Pse getat me\" width=\"100%\" data-size=\"x\" data-id=\"130456\" \/><\/p>\n<p>Stili Regency, i njohur nga \u2018Bridgerton\u2019: P\u00ebr nj\u00eb pamje romantike t\u00eb frym\u00ebzuar nga epoka e serialeve historike, ato mund t\u00eb kombinohen me fustane me pala dhe aksesor\u00eb klasik\u00eb.<\/p>\n<p><img decoding=\"async\" src=\"https:\/\/cdnimpuls.com\/bordo.al\/media3\/-900-0-1773324560xgettyimages-2204224037-a3a602b99cbb48c0b4e18bcf3e8e3a6b-265.webp\" alt=\"Nga \u2018Bridgerton\u2019 te moda e p\u00ebrditshme: Pse getat me\" width=\"100%\" data-size=\"x\" data-id=\"130457\" \/><\/p>\n<p>Energjia boho: Modelet e kuqe me dantell\u00eb t\u00eb kombinuara me fustane t\u00eb rrjedhshme krijojn\u00eb nj\u00eb stil boho chic.<\/p>\n<p><img decoding=\"async\" src=\"https:\/\/cdnimpuls.com\/bordo.al\/media3\/-900-0-1773324561xgettyimages-2175751231-e878951fe8d147248790289be0fe24ea-961.webp\" alt=\"Nga \u2018Bridgerton\u2019 te moda e p\u00ebrditshme: Pse getat me\" width=\"100%\" data-size=\"x\" data-id=\"130458\" \/><\/p>\n<p>Me triko t\u00eb ngrohta: Ideale p\u00ebr stin\u00ebt kalimtare, duke i kombinuar me veshje t\u00eb buta dhe komode.<\/p>\n<p><img decoding=\"async\" src=\"https:\/\/cdnimpuls.com\/bordo.al\/media3\/-900-0-1773324561xgettyimages-2235306935-13b93af0a19d4d5a8d92306620c20fca-972.webp\" alt=\"Nga \u2018Bridgerton\u2019 te moda e p\u00ebrditshme: Pse getat me\" width=\"100%\" data-size=\"x\" data-id=\"130459\" \/><\/p>\n<p>Me xhaket\u00eb blazer: Nj\u00eb blazer i madh balancon delikates\u00ebn e dantell\u00ebs dhe e b\u00ebn veshjen elegante, por jo tep\u00ebr formale.<\/p>\n<p><img decoding=\"async\" src=\"https:\/\/cdnimpuls.com\/bordo.al\/media3\/-900-0-1773324562xgettyimages-2212810038-5e408f9ac0b04abb9a679d4fccc76b13-726.webp\" alt=\"Nga \u2018Bridgerton\u2019 te moda e p\u00ebrditshme: Pse getat me\" width=\"100%\" data-size=\"x\" data-id=\"130460\" \/><\/p>\n<p>Fal\u00eb materialeve t\u00eb lehta getat me dantell\u00eb mund t\u00eb p\u00ebrdoren gjat\u00eb gjith\u00eb vitit. Ky aksesor i thjesht\u00eb, por i rafinuar, po konsiderohet si nj\u00eb m\u00ebnyr\u00eb e leht\u00eb p\u00ebr t\u2019i dh\u00ebn\u00eb garderob\u00ebs nj\u00eb prekje romantike dhe t\u00eb ve\u00e7ant\u00eb.<\/p>\n","protected":false},"excerpt":{"rendered":"<p>Nj\u00eb nga trendet m\u00eb t\u00eb ve\u00e7anta t\u00eb mod\u00ebs k\u00ebt\u00eb viti \u00ebsht\u00eb rikthimi i getave me dantell\u00eb. T\u00eb frym\u00ebzuara nga estetika romantike e serialit \u201cBridgerton\u201d dhe nga atmosfera klasike e romanit \u201cWuthering Heights\u201d, ky aksesor po shfaqet gjithnj\u00eb e m\u00eb shpesh n\u00eb street style dhe n\u00eb koleksionet e mod\u00ebs. Getat me dantell\u00eb po vler\u00ebsohen p\u00ebr eleganc\u00ebn<\/p>\n","protected":false},"author":1,"featured_media":14755,"comment_status":"open","ping_status":"open","sticky":false,"template":"","format":"standard","meta":{"footnotes":""},"categories":[7],"tags":[],"class_list":{"0":"post-14754","1":"post","2":"type-post","3":"status-publish","4":"format-standard","5":"has-post-thumbnail","7":"category-fashion"},"_links":{"self":[{"href":"https:\/\/revistatrend.com\/index.php\/wp-json\/wp\/v2\/posts\/14754","targetHints":{"allow":["GET"]}}],"collection":[{"href":"https:\/\/revistatrend.com\/index.php\/wp-json\/wp\/v2\/posts"}],"about":[{"href":"https:\/\/revistatrend.com\/index.php\/wp-json\/wp\/v2\/types\/post"}],"author":[{"embeddable":true,"href":"https:\/\/revistatrend.com\/index.php\/wp-json\/wp\/v2\/users\/1"}],"replies":[{"embeddable":true,"href":"https:\/\/revistatrend.com\/index.php\/wp-json\/wp\/v2\/comments?post=14754"}],"version-history":[{"count":1,"href":"https:\/\/revistatrend.com\/index.php\/wp-json\/wp\/v2\/posts\/14754\/revisions"}],"predecessor-version":[{"id":14756,"href":"https:\/\/revistatrend.com\/index.php\/wp-json\/wp\/v2\/posts\/14754\/revisions\/14756"}],"wp:featuredmedia":[{"embeddable":true,"href":"https:\/\/revistatrend.com\/index.php\/wp-json\/wp\/v2\/media\/14755"}],"wp:attachment":[{"href":"https:\/\/revistatrend.com\/index.php\/wp-json\/wp\/v2\/media?parent=14754"}],"wp:term":[{"taxonomy":"category","embeddable":true,"href":"https:\/\/revistatrend.com\/index.php\/wp-json\/wp\/v2\/categories?post=14754"},{"taxonomy":"post_tag","embeddable":true,"href":"https:\/\/revistatrend.com\/index.php\/wp-json\/wp\/v2\/tags?post=14754"}],"curies":[{"name":"wp","href":"https:\/\/api.w.org\/{rel}","templated":true}]}}