{"id":14760,"date":"2026-03-12T14:21:06","date_gmt":"2026-03-12T14:21:06","guid":{"rendered":"https:\/\/revistatrend.com\/?p=14760"},"modified":"2026-03-12T14:21:06","modified_gmt":"2026-03-12T14:21:06","slug":"per-loje-apo-kane-ndjenja-brikena-dhe-mateo-nuk-i-rezistojne-dot-njeri-tjetrit-puthje-dhe-perqafime-pasionante","status":"publish","type":"post","link":"https:\/\/revistatrend.com\/index.php\/2026\/03\/12\/per-loje-apo-kane-ndjenja-brikena-dhe-mateo-nuk-i-rezistojne-dot-njeri-tjetrit-puthje-dhe-perqafime-pasionante\/","title":{"rendered":"P\u00ebr loj\u00eb apo kan\u00eb ndjenja?! Brikena dhe Mateo nuk i rezistojn\u00eb dot nj\u00ebri tjetrit, puthje dhe p\u00ebrqafime pasionante"},"content":{"rendered":"<p>Marr\u00ebdh\u00ebnia mes Mateos dhe Briken\u00ebs \u00e7do dit\u00eb e m\u00eb shum\u00eb po b\u00ebhet m\u00eb e af\u00ebrt, aq sa mund ti konsiderojm\u00eb tashm\u00eb nj\u00eb \u00e7ift t\u00eb v\u00ebrtet\u00eb.<\/p>\n<p>Mbr\u00ebmjen e djeshme dyshja kan\u00eb pasur momentet shum\u00eb t\u00eb af\u00ebrta dhe t\u00eb ngrohta mes tyre ku nuk kan\u00eb munguar prekjet dhe ledhatimet, por dhe biseda dhe analiza mbi loj\u00ebn. N\u00eb analiz\u00ebn e saj Brikena \u00ebsht\u00eb shprehur qart\u00eb gjat\u00eb bised\u00ebs me Mateon duke th\u00ebn\u00eb se &#8220;Miri nuk e do Gimbon jasht\u00eb as Selin, ai na do neve. Ai m\u00eb p\u00ebrpara nxjerr Rogertin se sa Gimbon jasht\u00eb sepse prej tyre ka situat\u00eb&#8221;.<\/p>\n<p>M\u00eb pas dyshja ka vazhduar t\u00eb tregojn\u00eb dashurin\u00eb e tyre me puthje dhe p\u00ebrqafime pasionante e nd\u00ebrkoh\u00eb Mateo ka shprehur dhe m\u00eb shum\u00eb adhurimin p\u00ebr modelen nga Kosova duke i th\u00ebn\u00eb &#8220;jam i \u00e7mendur pas teje&#8221;, por k\u00ebto momente i kan\u00eb ndar\u00eb ndjek\u00ebsit e reality show n\u00eb dy grupime, n\u00eb komentet disa i quajn\u00eb &#8220;fallco&#8221; dhe &#8220;t\u00eb etur p\u00ebr vemendje&#8221; marr\u00eb shkas p\u00ebr shkak t\u00eb nominimit n\u00eb t\u00eb cil\u00ebn ndodhen. Por t\u00eb tjer\u00eb e shohin dashurin\u00eb e tyre si di\u00e7ka reale dhe t\u00eb sinqert\u00eb.<\/p>\n<p>Na ngelet t\u00eb presim n\u00eb qofte se dyshja do i mbijetoj\u00eb nominimit t\u00eb fort\u00eb t\u00eb k\u00ebsaj jave p\u00ebr t\u00eb konsoliduar dashurin\u00eb e tyre apo do t\u00eb ngelet pezull me daljen e ndonj\u00ebrit prej tyre.<\/p>\n","protected":false},"excerpt":{"rendered":"<p>Marr\u00ebdh\u00ebnia mes Mateos dhe Briken\u00ebs \u00e7do dit\u00eb e m\u00eb shum\u00eb po b\u00ebhet m\u00eb e af\u00ebrt, aq sa mund ti konsiderojm\u00eb tashm\u00eb nj\u00eb \u00e7ift t\u00eb v\u00ebrtet\u00eb. Mbr\u00ebmjen e djeshme dyshja kan\u00eb pasur momentet shum\u00eb t\u00eb af\u00ebrta dhe t\u00eb ngrohta mes tyre ku nuk kan\u00eb munguar prekjet dhe ledhatimet, por dhe biseda dhe analiza mbi loj\u00ebn. N\u00eb<\/p>\n","protected":false},"author":1,"featured_media":14761,"comment_status":"open","ping_status":"open","sticky":false,"template":"","format":"standard","meta":{"footnotes":""},"categories":[10],"tags":[],"class_list":{"0":"post-14760","1":"post","2":"type-post","3":"status-publish","4":"format-standard","5":"has-post-thumbnail","7":"category-showbiz"},"_links":{"self":[{"href":"https:\/\/revistatrend.com\/index.php\/wp-json\/wp\/v2\/posts\/14760","targetHints":{"allow":["GET"]}}],"collection":[{"href":"https:\/\/revistatrend.com\/index.php\/wp-json\/wp\/v2\/posts"}],"about":[{"href":"https:\/\/revistatrend.com\/index.php\/wp-json\/wp\/v2\/types\/post"}],"author":[{"embeddable":true,"href":"https:\/\/revistatrend.com\/index.php\/wp-json\/wp\/v2\/users\/1"}],"replies":[{"embeddable":true,"href":"https:\/\/revistatrend.com\/index.php\/wp-json\/wp\/v2\/comments?post=14760"}],"version-history":[{"count":1,"href":"https:\/\/revistatrend.com\/index.php\/wp-json\/wp\/v2\/posts\/14760\/revisions"}],"predecessor-version":[{"id":14762,"href":"https:\/\/revistatrend.com\/index.php\/wp-json\/wp\/v2\/posts\/14760\/revisions\/14762"}],"wp:featuredmedia":[{"embeddable":true,"href":"https:\/\/revistatrend.com\/index.php\/wp-json\/wp\/v2\/media\/14761"}],"wp:attachment":[{"href":"https:\/\/revistatrend.com\/index.php\/wp-json\/wp\/v2\/media?parent=14760"}],"wp:term":[{"taxonomy":"category","embeddable":true,"href":"https:\/\/revistatrend.com\/index.php\/wp-json\/wp\/v2\/categories?post=14760"},{"taxonomy":"post_tag","embeddable":true,"href":"https:\/\/revistatrend.com\/index.php\/wp-json\/wp\/v2\/tags?post=14760"}],"curies":[{"name":"wp","href":"https:\/\/api.w.org\/{rel}","templated":true}]}}