{"id":14787,"date":"2026-03-14T12:15:04","date_gmt":"2026-03-14T12:15:04","guid":{"rendered":"https:\/\/revistatrend.com\/?p=14787"},"modified":"2026-03-14T12:15:04","modified_gmt":"2026-03-14T12:15:04","slug":"ema-andrea-perplaset-me-monika-kryemadhin-artistet-nuk-jane-kacidhe-politikanet-po","status":"publish","type":"post","link":"https:\/\/revistatrend.com\/index.php\/2026\/03\/14\/ema-andrea-perplaset-me-monika-kryemadhin-artistet-nuk-jane-kacidhe-politikanet-po\/","title":{"rendered":"Ema Andrea p\u00ebrplaset me Monika Kryemadhin: Artist\u00ebt nuk jan\u00eb kacidhe, politikan\u00ebt po"},"content":{"rendered":"<p>E ftuar n\u00eb \u201cGoca dhe Gra\u201d ishte Monika Kryemadhi, e cila foli p\u00ebr premier\u00ebn e filmit \u201cMe Fat\u201d, n\u00eb t\u00eb cilin b\u00ebn pjes\u00eb edhe ish-deputetja. Gjat\u00eb bised\u00ebs, Kryemadhi pati nj\u00eb debat me aktoren Ema Andrea, e cila u shpreh se artisti nuk duhet t\u00eb konsiderohet \u2018kacidhe\u2019 nga politikan\u00ebt.<\/p>\n<p>Pjes\u00eb nga debati:<\/p>\n<p>Ema Andra:\u00a0Nuk jemi kacidhe!<\/p>\n<p>Monika Kryemadhi:\u00a0N\u00ebse nuk je kacidhe, at\u00ebher\u00eb mos e b\u00ebj veten kacidhe.<\/p>\n<p>Ema Andrea:\u00a0Kush ta b\u00ebj\u00eb jet\u00ebn kacidhe? Do haj\u00eb buk\u00eb ai.<\/p>\n<p>Monika Kryemadhi:\u00a0Ai q\u00eb shitet. Pse revoltohesh? Ti revoltohesh sepse sheh artist\u00eb q\u00eb e shesin veten si kacidhe.<\/p>\n<p>Ema Andrea:\u00a0Ka edhe politikan\u00eb q\u00eb e shesin veten si kacidhe. Ka politikan\u00eb kacidhe sa t\u00eb duash.<\/p>\n<p>Monika Kryemadhi:T\u00eb gjith\u00eb jan\u00eb kacidhe.<\/p>\n<p>Ema Andrea:\u00a0Epo ne nuk jemi.<\/p>\n<p>Monika Kryemadhi:\u00a0At\u00ebher\u00eb revoltohu, mos rri vet\u00ebm. Zgjeroje rrethin. Prano t\u00eb tjer\u00eb q\u00eb nuk pranojn\u00eb t\u00eb jen\u00eb kacidhe.<\/p>\n<p>Ema Andrea:\u00a0Aman Monika t\u00eb flasim p\u00ebr filmin, se zgjeroje rrethin \u00ebsht\u00eb muhabet tjet\u00ebr q\u00eb e flasim kur t\u00eb dalim jasht\u00eb.<\/p>\n<p>Monika Kryemadhi:\u00a0Un\u00eb po flas p\u00ebr filmin, ti m\u00eb thua mua nuk jemi kacidhe. Ti q\u00eb mos t\u00eb jesh kacidhe, duhet t\u00eb jesh\u00eb me njer\u00ebz q\u00eb nuk jan\u00eb t\u00eb till\u00eb. Pse t\u00eb vjen politikani dhe ta konsideron kacidhe aktorin?<\/p>\n<p>Ema Andrea:\u00a0Sepse ashtu \u00ebsht\u00eb ligji. \u00cbsht\u00eb ligji Monika, ligji i kacidhes.<\/p>\n<p>Monika Kryemadhi:\u00a0Pse nuk u ngrite ti p\u00ebr ligjin?<\/p>\n<p>Ema Andrea:\u00a0Kush nuk u ngrit moj Monika?!<\/p>\n<p>Monika Kryemadhi:\u00a0Asnj\u00eb nuk erdhi p\u00ebr ligjin.<\/p>\n<p>Ema Andrea:\u00a0U fut opozita dhe e devijoi l\u00ebvizjen.<\/p>\n<p>Monika Kryemadhi:\u00a0E ke shum\u00eb gabim. Kush nga opozita e devijoi?<\/p>\n<p>Ema Andrea:\u00a0Jam gjall\u00eb Monika. A t\u00eb flasim p\u00ebr filmin apo ta l\u00ebm\u00eb k\u00ebt\u00eb.<\/p>\n","protected":false},"excerpt":{"rendered":"<p>E ftuar n\u00eb \u201cGoca dhe Gra\u201d ishte Monika Kryemadhi, e cila foli p\u00ebr premier\u00ebn e filmit \u201cMe Fat\u201d, n\u00eb t\u00eb cilin b\u00ebn pjes\u00eb edhe ish-deputetja. Gjat\u00eb bised\u00ebs, Kryemadhi pati nj\u00eb debat me aktoren Ema Andrea, e cila u shpreh se artisti nuk duhet t\u00eb konsiderohet \u2018kacidhe\u2019 nga politikan\u00ebt. Pjes\u00eb nga debati: Ema Andra:\u00a0Nuk jemi kacidhe!<\/p>\n","protected":false},"author":1,"featured_media":14788,"comment_status":"open","ping_status":"open","sticky":false,"template":"","format":"standard","meta":{"footnotes":""},"categories":[10],"tags":[],"class_list":{"0":"post-14787","1":"post","2":"type-post","3":"status-publish","4":"format-standard","5":"has-post-thumbnail","7":"category-showbiz"},"_links":{"self":[{"href":"https:\/\/revistatrend.com\/index.php\/wp-json\/wp\/v2\/posts\/14787","targetHints":{"allow":["GET"]}}],"collection":[{"href":"https:\/\/revistatrend.com\/index.php\/wp-json\/wp\/v2\/posts"}],"about":[{"href":"https:\/\/revistatrend.com\/index.php\/wp-json\/wp\/v2\/types\/post"}],"author":[{"embeddable":true,"href":"https:\/\/revistatrend.com\/index.php\/wp-json\/wp\/v2\/users\/1"}],"replies":[{"embeddable":true,"href":"https:\/\/revistatrend.com\/index.php\/wp-json\/wp\/v2\/comments?post=14787"}],"version-history":[{"count":1,"href":"https:\/\/revistatrend.com\/index.php\/wp-json\/wp\/v2\/posts\/14787\/revisions"}],"predecessor-version":[{"id":14789,"href":"https:\/\/revistatrend.com\/index.php\/wp-json\/wp\/v2\/posts\/14787\/revisions\/14789"}],"wp:featuredmedia":[{"embeddable":true,"href":"https:\/\/revistatrend.com\/index.php\/wp-json\/wp\/v2\/media\/14788"}],"wp:attachment":[{"href":"https:\/\/revistatrend.com\/index.php\/wp-json\/wp\/v2\/media?parent=14787"}],"wp:term":[{"taxonomy":"category","embeddable":true,"href":"https:\/\/revistatrend.com\/index.php\/wp-json\/wp\/v2\/categories?post=14787"},{"taxonomy":"post_tag","embeddable":true,"href":"https:\/\/revistatrend.com\/index.php\/wp-json\/wp\/v2\/tags?post=14787"}],"curies":[{"name":"wp","href":"https:\/\/api.w.org\/{rel}","templated":true}]}}