{"id":14790,"date":"2026-03-14T12:15:37","date_gmt":"2026-03-14T12:15:37","guid":{"rendered":"https:\/\/revistatrend.com\/?p=14790"},"modified":"2026-03-14T12:15:37","modified_gmt":"2026-03-14T12:15:37","slug":"nuk-duam-te-shfaqemi-kudo-romanca-me-capital-t-adrola-dushi-ndan-detaje-nga-jeta-e-saj-personale","status":"publish","type":"post","link":"https:\/\/revistatrend.com\/index.php\/2026\/03\/14\/nuk-duam-te-shfaqemi-kudo-romanca-me-capital-t-adrola-dushi-ndan-detaje-nga-jeta-e-saj-personale\/","title":{"rendered":"\u201cNuk duam t\u00eb shfaqemi kudo\u201d\/ Romanca me Capital T, Adrola Dushi ndan detaje nga jeta e saj personale"},"content":{"rendered":"<p>Modelja Adrola Dushi \u00ebsht\u00eb bashkuar mbr\u00ebmjen e sotme n\u00eb panelin e \u2018Goca dhe Gra\u2019. N\u00eb munges\u00eb t\u00eb Sherina Spahiut, Adrola nuk ishte vet\u00ebm e ftuar speciale, por edhe bashk\u00ebmoderatore p\u00ebr k\u00ebt\u00eb mbr\u00ebmje.<\/p>\n<p>Gjat\u00eb emisionit, modelja ndau edhe disa detaje nga jeta e saj personale, duke folur p\u00ebr lidhjen me k\u00ebng\u00ebtarin Capital T, nj\u00eb marr\u00ebdh\u00ebnie q\u00eb u b\u00eb publike vet\u00ebm pak koh\u00eb m\u00eb par\u00eb.<\/p>\n<p>\u201cKy Sh\u00ebn Valentin ishte nj\u00eb surpriz\u00eb p\u00ebr mua. Jan\u00eb b\u00ebr\u00eb disa vite q\u00eb jemi bashk\u00eb. \u00cbsht\u00eb nj\u00eb maraton\u00eb. Me t\u00eb v\u00ebrtet\u00eb, kur e do di\u00e7ka shum\u00eb, jam e sigurt q\u00eb ia del. Dhe ne ia dol\u00ebm. Nuk duam t\u00eb shfaqemi kudo, privat\u00ebsia \u00ebsht\u00eb gj\u00ebja m\u00eb e shenjt\u00eb. E dua privat\u00ebsin\u00eb, sepse t\u00eb b\u00ebn t\u00eb jetosh e lumtur.<\/p>\n<p>Un\u00eb isha duke bler\u00eb rroba kur u publikua kjo foto. Ishim n\u00eb Amerik\u00eb, un\u00eb po punoja dhe ai m\u00eb tha: \u2018Prit pak, sepse dua t\u00eb postoj di\u00e7ka\u2019. U emocionova shum\u00eb, u k\u00ebnaqa. Kishim edhe dyshimin n\u00ebse ta publikonim apo jo.<\/p>\n<p>Nuk kam d\u00ebshir\u00eb t\u00eb g\u00ebnjej, por dua t\u2019i ruaj gj\u00ebrat e mia. Jam e lumtur sepse, n\u00eb t\u00eb v\u00ebrtet\u00eb, u prit shum\u00eb mir\u00eb\u201d,\u00a0u shpreh Adrola.<\/p>\n","protected":false},"excerpt":{"rendered":"<p>Modelja Adrola Dushi \u00ebsht\u00eb bashkuar mbr\u00ebmjen e sotme n\u00eb panelin e \u2018Goca dhe Gra\u2019. N\u00eb munges\u00eb t\u00eb Sherina Spahiut, Adrola nuk ishte vet\u00ebm e ftuar speciale, por edhe bashk\u00ebmoderatore p\u00ebr k\u00ebt\u00eb mbr\u00ebmje. Gjat\u00eb emisionit, modelja ndau edhe disa detaje nga jeta e saj personale, duke folur p\u00ebr lidhjen me k\u00ebng\u00ebtarin Capital T, nj\u00eb marr\u00ebdh\u00ebnie q\u00eb<\/p>\n","protected":false},"author":1,"featured_media":14791,"comment_status":"open","ping_status":"open","sticky":false,"template":"","format":"standard","meta":{"footnotes":""},"categories":[10],"tags":[],"class_list":{"0":"post-14790","1":"post","2":"type-post","3":"status-publish","4":"format-standard","5":"has-post-thumbnail","7":"category-showbiz"},"_links":{"self":[{"href":"https:\/\/revistatrend.com\/index.php\/wp-json\/wp\/v2\/posts\/14790","targetHints":{"allow":["GET"]}}],"collection":[{"href":"https:\/\/revistatrend.com\/index.php\/wp-json\/wp\/v2\/posts"}],"about":[{"href":"https:\/\/revistatrend.com\/index.php\/wp-json\/wp\/v2\/types\/post"}],"author":[{"embeddable":true,"href":"https:\/\/revistatrend.com\/index.php\/wp-json\/wp\/v2\/users\/1"}],"replies":[{"embeddable":true,"href":"https:\/\/revistatrend.com\/index.php\/wp-json\/wp\/v2\/comments?post=14790"}],"version-history":[{"count":1,"href":"https:\/\/revistatrend.com\/index.php\/wp-json\/wp\/v2\/posts\/14790\/revisions"}],"predecessor-version":[{"id":14792,"href":"https:\/\/revistatrend.com\/index.php\/wp-json\/wp\/v2\/posts\/14790\/revisions\/14792"}],"wp:featuredmedia":[{"embeddable":true,"href":"https:\/\/revistatrend.com\/index.php\/wp-json\/wp\/v2\/media\/14791"}],"wp:attachment":[{"href":"https:\/\/revistatrend.com\/index.php\/wp-json\/wp\/v2\/media?parent=14790"}],"wp:term":[{"taxonomy":"category","embeddable":true,"href":"https:\/\/revistatrend.com\/index.php\/wp-json\/wp\/v2\/categories?post=14790"},{"taxonomy":"post_tag","embeddable":true,"href":"https:\/\/revistatrend.com\/index.php\/wp-json\/wp\/v2\/tags?post=14790"}],"curies":[{"name":"wp","href":"https:\/\/api.w.org\/{rel}","templated":true}]}}