{"id":14793,"date":"2026-03-14T12:16:15","date_gmt":"2026-03-14T12:16:15","guid":{"rendered":"https:\/\/revistatrend.com\/?p=14793"},"modified":"2026-03-14T12:16:15","modified_gmt":"2026-03-14T12:16:15","slug":"kate-middleton-zbulon-cfare-ka-ndryshuar-ne-dieten-e-saj-pas-diagnozes-se-kancerit","status":"publish","type":"post","link":"https:\/\/revistatrend.com\/index.php\/2026\/03\/14\/kate-middleton-zbulon-cfare-ka-ndryshuar-ne-dieten-e-saj-pas-diagnozes-se-kancerit\/","title":{"rendered":"Kate Middleton zbulon \u00e7far\u00eb ka ndryshuar n\u00eb diet\u00ebn e saj pas diagnoz\u00ebs s\u00eb kancerit"},"content":{"rendered":"<p>Gjat\u00eb nj\u00eb vizite n\u00eb nj\u00eb birrari n\u00eb London, princesha e Uellsit Kate Middleton foli hapur p\u00ebr ndryshimet q\u00eb ka b\u00ebr\u00eb n\u00eb stilin e jetes\u00ebs pas diagnoz\u00ebs s\u00eb saj sh\u00ebndet\u00ebsore.<\/p>\n<p>Princesha e Uellsit tregoi se nj\u00eb nga vendimet kryesore q\u00eb ka marr\u00eb gjat\u00eb periudh\u00ebs s\u00eb rikuperimit \u00ebsht\u00eb reduktimi i konsumit t\u00eb alkoolit.<\/p>\n<p>\u201cQ\u00eb nga diagnoza ime, nuk kam konsumuar shum\u00eb alkool,\u201d u shpreh ajo gjat\u00eb bised\u00ebs me t\u00eb pranishmit. \u201c\u00cbsht\u00eb di\u00e7ka p\u00ebr t\u00eb cil\u00ebn duhet t\u00eb jem shum\u00eb m\u00eb e nd\u00ebrgjegjshme tani.\u201d<\/p>\n<p>Deklarata vjen n\u00eb nj\u00eb moment kur princesha ka nisur t\u00eb rikthehet gradualisht n\u00eb aktivitetet publike, duke ndar\u00eb her\u00eb pas here edhe detaje nga rrug\u00ebtimi i saj i rikuperimitm pas kimioterapis\u00eb.<\/p>\n<p>Vizita n\u00eb ambientin tradicional londinez ishte pjes\u00eb e nj\u00eb takimi m\u00eb t\u00eb gjer\u00eb me qytetar\u00eb dhe p\u00ebrfaq\u00ebsues t\u00eb komunitetit, ku princesha u pa n\u00eb nj\u00eb atmosfer\u00eb t\u00eb relaksuar duke biseduar me t\u00eb pranishmit.<\/p>\n<p>Prej muajsh, publiku dhe mediat britanike kan\u00eb ndjekur nga af\u00ebr gjendjen sh\u00ebndet\u00ebsore t\u00eb saj, nd\u00ebrsa familja mbret\u00ebrore ka treguar mb\u00ebshtetje t\u00eb plot\u00eb ndaj princesh\u00ebs.<\/p>\n","protected":false},"excerpt":{"rendered":"<p>Gjat\u00eb nj\u00eb vizite n\u00eb nj\u00eb birrari n\u00eb London, princesha e Uellsit Kate Middleton foli hapur p\u00ebr ndryshimet q\u00eb ka b\u00ebr\u00eb n\u00eb stilin e jetes\u00ebs pas diagnoz\u00ebs s\u00eb saj sh\u00ebndet\u00ebsore. Princesha e Uellsit tregoi se nj\u00eb nga vendimet kryesore q\u00eb ka marr\u00eb gjat\u00eb periudh\u00ebs s\u00eb rikuperimit \u00ebsht\u00eb reduktimi i konsumit t\u00eb alkoolit. \u201cQ\u00eb nga diagnoza ime,<\/p>\n","protected":false},"author":1,"featured_media":14794,"comment_status":"open","ping_status":"open","sticky":false,"template":"","format":"standard","meta":{"footnotes":""},"categories":[10],"tags":[],"class_list":{"0":"post-14793","1":"post","2":"type-post","3":"status-publish","4":"format-standard","5":"has-post-thumbnail","7":"category-showbiz"},"_links":{"self":[{"href":"https:\/\/revistatrend.com\/index.php\/wp-json\/wp\/v2\/posts\/14793","targetHints":{"allow":["GET"]}}],"collection":[{"href":"https:\/\/revistatrend.com\/index.php\/wp-json\/wp\/v2\/posts"}],"about":[{"href":"https:\/\/revistatrend.com\/index.php\/wp-json\/wp\/v2\/types\/post"}],"author":[{"embeddable":true,"href":"https:\/\/revistatrend.com\/index.php\/wp-json\/wp\/v2\/users\/1"}],"replies":[{"embeddable":true,"href":"https:\/\/revistatrend.com\/index.php\/wp-json\/wp\/v2\/comments?post=14793"}],"version-history":[{"count":1,"href":"https:\/\/revistatrend.com\/index.php\/wp-json\/wp\/v2\/posts\/14793\/revisions"}],"predecessor-version":[{"id":14795,"href":"https:\/\/revistatrend.com\/index.php\/wp-json\/wp\/v2\/posts\/14793\/revisions\/14795"}],"wp:featuredmedia":[{"embeddable":true,"href":"https:\/\/revistatrend.com\/index.php\/wp-json\/wp\/v2\/media\/14794"}],"wp:attachment":[{"href":"https:\/\/revistatrend.com\/index.php\/wp-json\/wp\/v2\/media?parent=14793"}],"wp:term":[{"taxonomy":"category","embeddable":true,"href":"https:\/\/revistatrend.com\/index.php\/wp-json\/wp\/v2\/categories?post=14793"},{"taxonomy":"post_tag","embeddable":true,"href":"https:\/\/revistatrend.com\/index.php\/wp-json\/wp\/v2\/tags?post=14793"}],"curies":[{"name":"wp","href":"https:\/\/api.w.org\/{rel}","templated":true}]}}