{"id":15052,"date":"2026-03-29T15:47:27","date_gmt":"2026-03-29T15:47:27","guid":{"rendered":"https:\/\/revistatrend.com\/?p=15052"},"modified":"2026-03-29T15:47:27","modified_gmt":"2026-03-29T15:47:27","slug":"jam-ngacmuar-seksualisht-ne-moshen-5-vjecare-melisa-lleshi-trondit-me-rrefimin-e-saj-kur-i-kujtoj-te-gjithe-momentet","status":"publish","type":"post","link":"https:\/\/revistatrend.com\/index.php\/2026\/03\/29\/jam-ngacmuar-seksualisht-ne-moshen-5-vjecare-melisa-lleshi-trondit-me-rrefimin-e-saj-kur-i-kujtoj-te-gjithe-momentet\/","title":{"rendered":"\u201cJam ngacmuar seksualisht n\u00eb mosh\u00ebn 5 -vje\u00e7are\u201d\/ Melisa Lleshi trondit me rr\u00ebfimin e saj: Kur i kujtoj t\u00eb gjith\u00eb momentet&#8230;"},"content":{"rendered":"<p>Ish-konkurrentja e \u201cP\u00ebr\u2019puthen\u201d, Melisa Lleshi, ishte s\u00eb fundmi e ftuar n\u00eb emisionin \u201cS\u2019e Luan Topi\u201d, ku ndau nj\u00eb rr\u00ebfim t\u00eb sinqert\u00eb p\u00ebr jet\u00ebn e saj.<\/p>\n<p>Gjat\u00eb intervist\u00ebs, ajo zgjodhi t\u00eb flas\u00eb hapur p\u00ebr disa nga periudhat m\u00eb t\u00eb v\u00ebshtira q\u00eb ka kaluar. Melisa tregoi se n\u00eb f\u00ebmij\u00ebri ka p\u00ebrjetuar ngjarje t\u00eb r\u00ebnda, p\u00ebrfshir\u00eb edhe ngacmimet seksuale, t\u00eb cilat kan\u00eb l\u00ebn\u00eb gjurm\u00eb t\u00eb thella n\u00eb gjendjen e saj emocionale nd\u00ebr vite.<\/p>\n<p>Ajo theksoi se p\u00ebrballja me k\u00ebto trauma nuk ka qen\u00eb aspak e leht\u00eb dhe ka k\u00ebrkuar shum\u00eb forc\u00eb, si edhe pun\u00eb t\u00eb vazhdueshme me veten.<\/p>\n<p>Po ashtu ajo tregoi edhe periudh\u00ebn pas daljes nga \u201cP\u00ebr\u2019puthen\u201d, kur fama dhe presioni publik e \u00e7uan n\u00eb gjendje t\u00eb r\u00ebnduar psikologjike.<\/p>\n<blockquote><p><em>\u201cIsha n\u00eb fazat e para t\u00eb depresionit dhe kam kaluar gj\u00ebra q\u00eb nuk dua t\u2019i ndaj me t\u00eb tjer\u00ebt. Ishte nj\u00eb ngarkes\u00eb shum\u00eb e madhe dhe un\u00eb nuk isha e p\u00ebrgatitur, nuk isha gati ta p\u00ebrballoja,\u201d<\/em>\u00a0\u00a0u shpreh Melisa.<\/p><\/blockquote>\n<p>Megjithat\u00eb, Melisa tregoi se nj\u00eb nga hapat m\u00eb t\u00eb r\u00ebnd\u00ebsish\u00ebm n\u00eb rrug\u00ebtimin e saj ka qen\u00eb k\u00ebrkimi i ndihm\u00ebs profesionale.<\/p>\n<blockquote><p><em>\u201cKam marr\u00eb ndihm\u00eb profesionale, kam punuar dhe vazhdoj t\u00eb punoj me veten time. \u00cbsht\u00eb nj\u00eb proces q\u00eb k\u00ebrkon koh\u00eb, por \u00ebsht\u00eb shum\u00eb i nevojsh\u00ebm,\u201d<\/em>\u00a0shtoi ajo.<\/p><\/blockquote>\n","protected":false},"excerpt":{"rendered":"<p>Ish-konkurrentja e \u201cP\u00ebr\u2019puthen\u201d, Melisa Lleshi, ishte s\u00eb fundmi e ftuar n\u00eb emisionin \u201cS\u2019e Luan Topi\u201d, ku ndau nj\u00eb rr\u00ebfim t\u00eb sinqert\u00eb p\u00ebr jet\u00ebn e saj. Gjat\u00eb intervist\u00ebs, ajo zgjodhi t\u00eb flas\u00eb hapur p\u00ebr disa nga periudhat m\u00eb t\u00eb v\u00ebshtira q\u00eb ka kaluar. Melisa tregoi se n\u00eb f\u00ebmij\u00ebri ka p\u00ebrjetuar ngjarje t\u00eb r\u00ebnda, p\u00ebrfshir\u00eb edhe ngacmimet<\/p>\n","protected":false},"author":1,"featured_media":15053,"comment_status":"open","ping_status":"open","sticky":false,"template":"","format":"standard","meta":{"footnotes":""},"categories":[10],"tags":[],"class_list":{"0":"post-15052","1":"post","2":"type-post","3":"status-publish","4":"format-standard","5":"has-post-thumbnail","7":"category-showbiz"},"_links":{"self":[{"href":"https:\/\/revistatrend.com\/index.php\/wp-json\/wp\/v2\/posts\/15052","targetHints":{"allow":["GET"]}}],"collection":[{"href":"https:\/\/revistatrend.com\/index.php\/wp-json\/wp\/v2\/posts"}],"about":[{"href":"https:\/\/revistatrend.com\/index.php\/wp-json\/wp\/v2\/types\/post"}],"author":[{"embeddable":true,"href":"https:\/\/revistatrend.com\/index.php\/wp-json\/wp\/v2\/users\/1"}],"replies":[{"embeddable":true,"href":"https:\/\/revistatrend.com\/index.php\/wp-json\/wp\/v2\/comments?post=15052"}],"version-history":[{"count":1,"href":"https:\/\/revistatrend.com\/index.php\/wp-json\/wp\/v2\/posts\/15052\/revisions"}],"predecessor-version":[{"id":15054,"href":"https:\/\/revistatrend.com\/index.php\/wp-json\/wp\/v2\/posts\/15052\/revisions\/15054"}],"wp:featuredmedia":[{"embeddable":true,"href":"https:\/\/revistatrend.com\/index.php\/wp-json\/wp\/v2\/media\/15053"}],"wp:attachment":[{"href":"https:\/\/revistatrend.com\/index.php\/wp-json\/wp\/v2\/media?parent=15052"}],"wp:term":[{"taxonomy":"category","embeddable":true,"href":"https:\/\/revistatrend.com\/index.php\/wp-json\/wp\/v2\/categories?post=15052"},{"taxonomy":"post_tag","embeddable":true,"href":"https:\/\/revistatrend.com\/index.php\/wp-json\/wp\/v2\/tags?post=15052"}],"curies":[{"name":"wp","href":"https:\/\/api.w.org\/{rel}","templated":true}]}}