{"id":15055,"date":"2026-03-29T15:48:39","date_gmt":"2026-03-29T15:48:39","guid":{"rendered":"https:\/\/revistatrend.com\/?p=15055"},"modified":"2026-03-29T15:48:39","modified_gmt":"2026-03-29T15:48:39","slug":"si-e-mesoi-vdekjen-tragjike-te-partnerit-rrefehet-per-here-te-pare-juela","status":"publish","type":"post","link":"https:\/\/revistatrend.com\/index.php\/2026\/03\/29\/si-e-mesoi-vdekjen-tragjike-te-partnerit-rrefehet-per-here-te-pare-juela\/","title":{"rendered":"Si e m\u00ebsoi vdekjen tragjike t\u00eb partnerit? Rr\u00ebfehet p\u00ebr her\u00eb t\u00eb par\u00eb Juela"},"content":{"rendered":"<p>Nj\u00eb rr\u00ebfim i ndjer\u00eb dhe mjaft personal \u00ebsht\u00eb ndar\u00eb s\u00eb fundmi nga Juela gjat\u00eb nj\u00eb bisede me Edisen brenda sht\u00ebpis\u00eb, duke prekur jo pak me historin\u00eb e saj t\u00eb dhimbshme.<\/p>\n<p>Ajo ka kujtuar nj\u00eb nga momentet m\u00eb t\u00eb v\u00ebshtira t\u00eb jet\u00ebs, kur mori lajmin tragjik p\u00ebr ndarjen nga jeta t\u00eb ish-partnerit t\u00eb saj, i cili ishte gjetur i vrar\u00eb s\u00eb bashku me motr\u00ebn e tij. Sipas saj, ngjarja ndodhi n\u00eb nj\u00eb periudh\u00eb t\u00eb pazakont\u00eb, pik\u00ebrisht n\u00eb koh\u00ebn kur bota po p\u00ebrballej me fillimet e pandemis\u00eb s\u00eb COVID-19 dhe kufizimet e para n\u00eb udh\u00ebtime po hynin n\u00eb fuqi.<\/p>\n<p>Juela tregoi se komunikimi i fundit me t\u00eb kishte ndodhur vet\u00ebm pak minuta para se t\u00eb merrte vesh lajmin e r\u00ebnd\u00eb. Ajo u njoftua fillimisht nga nj\u00eb e njohur n\u00eb Angli, nd\u00ebrkoh\u00eb q\u00eb ngjarja kishte nisur t\u00eb pasqyrohej edhe n\u00eb mediat shqiptare.<\/p>\n<p>Duke rikthyer n\u00eb kujtes\u00eb ato \u00e7aste, ajo u shpreh:<\/p>\n<p><em>\u201cM\u00eb shkruan kjo mua nga Anglia..ke folur? Po kam nja 20 minuta \u00ebsht\u00eb rrug\u00ebs p\u00ebr sht\u00ebpi. Jo m\u00eb tha mua provoje me e marr n\u00eb telefon. Lajmi kishte dal atje n\u00eb televizion shqiptar. Dhe me k\u00ebshtu shkronja \u2018mot\u00ebr, v\u00eblla, shkronja, emri, n\u00eb k\u00ebt\u00eb vend\u2026gjenden t\u00eb vrar\u00eb n\u00eb oborr t\u00eb sht\u00ebpis\u00eb\u2019. E mbaj mend q\u00eb m\u00eb ka marr me video call vajza nga Anglia. S\u2019mora vesh asnj\u00eb gj\u00eb ve\u00e7 q\u00eb kam hedh pjatat p\u00ebrtok\u00eb. Ka qen\u00eb e v\u00ebshtir\u00eb shum\u00eb. Ishte nata kur aeroportet po mbylleshin. Se ishin rastet e para me Covid. Shum\u00eb e v\u00ebshtir\u00eb me ja pranu vetes, q\u00eb ai nuk jetonte m\u00eb.\u201d<\/em><\/p>\n<p>Rr\u00ebfimi i saj vjen si nj\u00eb d\u00ebshmi e dhimbjes s\u00eb thell\u00eb q\u00eb l\u00ebn\u00eb pas ngjarje t\u00eb tilla, por edhe e forc\u00ebs p\u00ebr t\u2019i p\u00ebrballuar ato me kalimin e koh\u00ebs.<\/p>\n","protected":false},"excerpt":{"rendered":"<p>Nj\u00eb rr\u00ebfim i ndjer\u00eb dhe mjaft personal \u00ebsht\u00eb ndar\u00eb s\u00eb fundmi nga Juela gjat\u00eb nj\u00eb bisede me Edisen brenda sht\u00ebpis\u00eb, duke prekur jo pak me historin\u00eb e saj t\u00eb dhimbshme. Ajo ka kujtuar nj\u00eb nga momentet m\u00eb t\u00eb v\u00ebshtira t\u00eb jet\u00ebs, kur mori lajmin tragjik p\u00ebr ndarjen nga jeta t\u00eb ish-partnerit t\u00eb saj, i cili<\/p>\n","protected":false},"author":1,"featured_media":15056,"comment_status":"open","ping_status":"open","sticky":false,"template":"","format":"standard","meta":{"footnotes":""},"categories":[10],"tags":[],"class_list":{"0":"post-15055","1":"post","2":"type-post","3":"status-publish","4":"format-standard","5":"has-post-thumbnail","7":"category-showbiz"},"_links":{"self":[{"href":"https:\/\/revistatrend.com\/index.php\/wp-json\/wp\/v2\/posts\/15055","targetHints":{"allow":["GET"]}}],"collection":[{"href":"https:\/\/revistatrend.com\/index.php\/wp-json\/wp\/v2\/posts"}],"about":[{"href":"https:\/\/revistatrend.com\/index.php\/wp-json\/wp\/v2\/types\/post"}],"author":[{"embeddable":true,"href":"https:\/\/revistatrend.com\/index.php\/wp-json\/wp\/v2\/users\/1"}],"replies":[{"embeddable":true,"href":"https:\/\/revistatrend.com\/index.php\/wp-json\/wp\/v2\/comments?post=15055"}],"version-history":[{"count":1,"href":"https:\/\/revistatrend.com\/index.php\/wp-json\/wp\/v2\/posts\/15055\/revisions"}],"predecessor-version":[{"id":15057,"href":"https:\/\/revistatrend.com\/index.php\/wp-json\/wp\/v2\/posts\/15055\/revisions\/15057"}],"wp:featuredmedia":[{"embeddable":true,"href":"https:\/\/revistatrend.com\/index.php\/wp-json\/wp\/v2\/media\/15056"}],"wp:attachment":[{"href":"https:\/\/revistatrend.com\/index.php\/wp-json\/wp\/v2\/media?parent=15055"}],"wp:term":[{"taxonomy":"category","embeddable":true,"href":"https:\/\/revistatrend.com\/index.php\/wp-json\/wp\/v2\/categories?post=15055"},{"taxonomy":"post_tag","embeddable":true,"href":"https:\/\/revistatrend.com\/index.php\/wp-json\/wp\/v2\/tags?post=15055"}],"curies":[{"name":"wp","href":"https:\/\/api.w.org\/{rel}","templated":true}]}}