{"id":15593,"date":"2026-04-27T13:56:39","date_gmt":"2026-04-27T13:56:39","guid":{"rendered":"https:\/\/revistatrend.com\/?p=15593"},"modified":"2026-04-27T13:56:39","modified_gmt":"2026-04-27T13:56:39","slug":"me-e-thjeshte-sec-prisnit-gigi-hadid-tregon-cfare-i-dhuroi-bradley-per-ditelindje","status":"publish","type":"post","link":"https:\/\/revistatrend.com\/index.php\/2026\/04\/27\/me-e-thjeshte-sec-prisnit-gigi-hadid-tregon-cfare-i-dhuroi-bradley-per-ditelindje\/","title":{"rendered":"M\u00eb e thjesht\u00eb se\u00e7 prisnit: Gigi Hadid tregon \u00e7far\u00eb i dhuroi Bradley p\u00ebr dit\u00eblindje"},"content":{"rendered":"<p>Gigi Hadid ka ndar\u00eb nj\u00eb moment t\u00eb rrall\u00eb personal me ndjek\u00ebsit e saj, me rastin e 31-vjetorit. Modelja publikoi n\u00eb Instagram nj\u00eb nga dhuratat m\u00eb mbres\u00ebl\u00ebn\u00ebse q\u00eb mori, nj\u00eb surpriz\u00eb romantike nga partneri i saj, Bradley Cooper.<\/p>\n<p>B\u00ebhej fjal\u00eb p\u00ebr nj\u00eb aranzhim t\u00eb madh me lule n\u00eb nuanca t\u00eb pjeshk\u00ebs, kumbull\u00ebs, arit dhe t\u00eb bardh\u00ebs, q\u00eb t\u00ebrhiqte menj\u00ebher\u00eb v\u00ebmendjen. Pa shum\u00eb fjal\u00eb, Gigi zgjodhi nj\u00eb mbishkrim t\u00eb shkurt\u00ebr, duke l\u00ebn\u00eb imazhin t\u00eb flas\u00eb vet\u00eb p\u00ebr gjestin.<\/p>\n<p>\u00c7ifti \u00ebsht\u00eb bashk\u00eb q\u00eb nga vjeshta e vitit 2023 dhe ka preferuar ta mbaj\u00eb lidhjen larg v\u00ebmendjes publike. Megjithat\u00eb, burime pran\u00eb tyre tregojn\u00eb se gjith\u00e7ka po ec\u00ebn shum\u00eb mir\u00eb. Thuhet se aktori \u00ebsht\u00eb integruar n\u00eb rrethin e saj t\u00eb ngusht\u00eb dhe Gigi ndihet shum\u00eb rehat pran\u00eb tij.<\/p>\n","protected":false},"excerpt":{"rendered":"<p>Gigi Hadid ka ndar\u00eb nj\u00eb moment t\u00eb rrall\u00eb personal me ndjek\u00ebsit e saj, me rastin e 31-vjetorit. Modelja publikoi n\u00eb Instagram nj\u00eb nga dhuratat m\u00eb mbres\u00ebl\u00ebn\u00ebse q\u00eb mori, nj\u00eb surpriz\u00eb romantike nga partneri i saj, Bradley Cooper. B\u00ebhej fjal\u00eb p\u00ebr nj\u00eb aranzhim t\u00eb madh me lule n\u00eb nuanca t\u00eb pjeshk\u00ebs, kumbull\u00ebs, arit dhe t\u00eb bardh\u00ebs,<\/p>\n","protected":false},"author":1,"featured_media":15594,"comment_status":"open","ping_status":"open","sticky":false,"template":"","format":"standard","meta":{"footnotes":""},"categories":[10],"tags":[],"class_list":{"0":"post-15593","1":"post","2":"type-post","3":"status-publish","4":"format-standard","5":"has-post-thumbnail","7":"category-showbiz"},"_links":{"self":[{"href":"https:\/\/revistatrend.com\/index.php\/wp-json\/wp\/v2\/posts\/15593","targetHints":{"allow":["GET"]}}],"collection":[{"href":"https:\/\/revistatrend.com\/index.php\/wp-json\/wp\/v2\/posts"}],"about":[{"href":"https:\/\/revistatrend.com\/index.php\/wp-json\/wp\/v2\/types\/post"}],"author":[{"embeddable":true,"href":"https:\/\/revistatrend.com\/index.php\/wp-json\/wp\/v2\/users\/1"}],"replies":[{"embeddable":true,"href":"https:\/\/revistatrend.com\/index.php\/wp-json\/wp\/v2\/comments?post=15593"}],"version-history":[{"count":1,"href":"https:\/\/revistatrend.com\/index.php\/wp-json\/wp\/v2\/posts\/15593\/revisions"}],"predecessor-version":[{"id":15595,"href":"https:\/\/revistatrend.com\/index.php\/wp-json\/wp\/v2\/posts\/15593\/revisions\/15595"}],"wp:featuredmedia":[{"embeddable":true,"href":"https:\/\/revistatrend.com\/index.php\/wp-json\/wp\/v2\/media\/15594"}],"wp:attachment":[{"href":"https:\/\/revistatrend.com\/index.php\/wp-json\/wp\/v2\/media?parent=15593"}],"wp:term":[{"taxonomy":"category","embeddable":true,"href":"https:\/\/revistatrend.com\/index.php\/wp-json\/wp\/v2\/categories?post=15593"},{"taxonomy":"post_tag","embeddable":true,"href":"https:\/\/revistatrend.com\/index.php\/wp-json\/wp\/v2\/tags?post=15593"}],"curies":[{"name":"wp","href":"https:\/\/api.w.org\/{rel}","templated":true}]}}