{"id":15596,"date":"2026-04-27T13:57:12","date_gmt":"2026-04-27T13:57:12","guid":{"rendered":"https:\/\/revistatrend.com\/?p=15596"},"modified":"2026-04-27T13:57:12","modified_gmt":"2026-04-27T13:57:12","slug":"endi-demneri-dhe-krenar-cocaj-ne-pritje-te-nje-femije-zbulohet-gjinia","status":"publish","type":"post","link":"https:\/\/revistatrend.com\/index.php\/2026\/04\/27\/endi-demneri-dhe-krenar-cocaj-ne-pritje-te-nje-femije-zbulohet-gjinia\/","title":{"rendered":"Endi Demneri dhe Krenar \u00c7o\u00e7aj n\u00eb pritje t\u00eb nj\u00eb f\u00ebmije, zbulohet gjinia"},"content":{"rendered":"<p>Endi Demneri \u00ebsht\u00eb n\u00eb pritje t\u00eb \u00ebmb\u00ebl dhe s\u00eb shpejti pritet t\u00eb b\u00ebhet n\u00ebn\u00eb p\u00ebr her\u00eb t\u00eb par\u00eb.<\/p>\n<p>Sipas raportimeve n\u00eb media, modelja ka organizuar s\u00eb fundmi nj\u00eb \u201cgender reveal\u201d n\u00eb Sarand\u00eb, ku \u00ebsht\u00eb zbuluar edhe gjinia e bebit. Endi Demneri dhe Krenar \u00c7o\u00e7aj jan\u00eb n\u00eb pritje t\u00eb nj\u00eb djali.<\/p>\n<p>Ky lajm i jep fund edhe pik\u00ebpyetjeve q\u00eb kishin qarkulluar prej koh\u00ebsh rreth identitetit t\u00eb babait t\u00eb f\u00ebmij\u00ebs. Sipas Iconstyle, babai i bebit \u00ebsht\u00eb Krenar \u00c7o\u00e7aj.<\/p>\n<p>Romanca mes tyre u p\u00ebrfol q\u00eb ver\u00ebn e kaluar, pasi qarkulluan pamje t\u00eb dyshes n\u00eb Ibiza, ku afrimiteti mes tyre ishte i duksh\u00ebm dhe ngriti dyshime p\u00ebr nj\u00eb lidhje romantike.<\/p>\n<p>Deri m\u00eb tani, as Demneri dhe as \u00c7o\u00e7aj nuk kan\u00eb b\u00ebr\u00eb nj\u00eb konfirmim publik p\u00ebr k\u00ebt\u00eb kapitull t\u00eb ri n\u00eb jet\u00ebn e tyre private. Megjithat\u00eb, burime pran\u00eb \u00e7iftit b\u00ebjn\u00eb me dije se ata jan\u00eb n\u00eb pritje t\u00eb nj\u00eb djali.<\/p>\n","protected":false},"excerpt":{"rendered":"<p>Endi Demneri \u00ebsht\u00eb n\u00eb pritje t\u00eb \u00ebmb\u00ebl dhe s\u00eb shpejti pritet t\u00eb b\u00ebhet n\u00ebn\u00eb p\u00ebr her\u00eb t\u00eb par\u00eb. Sipas raportimeve n\u00eb media, modelja ka organizuar s\u00eb fundmi nj\u00eb \u201cgender reveal\u201d n\u00eb Sarand\u00eb, ku \u00ebsht\u00eb zbuluar edhe gjinia e bebit. Endi Demneri dhe Krenar \u00c7o\u00e7aj jan\u00eb n\u00eb pritje t\u00eb nj\u00eb djali. Ky lajm i jep fund<\/p>\n","protected":false},"author":1,"featured_media":15597,"comment_status":"open","ping_status":"open","sticky":false,"template":"","format":"standard","meta":{"footnotes":""},"categories":[10],"tags":[],"class_list":{"0":"post-15596","1":"post","2":"type-post","3":"status-publish","4":"format-standard","5":"has-post-thumbnail","7":"category-showbiz"},"_links":{"self":[{"href":"https:\/\/revistatrend.com\/index.php\/wp-json\/wp\/v2\/posts\/15596","targetHints":{"allow":["GET"]}}],"collection":[{"href":"https:\/\/revistatrend.com\/index.php\/wp-json\/wp\/v2\/posts"}],"about":[{"href":"https:\/\/revistatrend.com\/index.php\/wp-json\/wp\/v2\/types\/post"}],"author":[{"embeddable":true,"href":"https:\/\/revistatrend.com\/index.php\/wp-json\/wp\/v2\/users\/1"}],"replies":[{"embeddable":true,"href":"https:\/\/revistatrend.com\/index.php\/wp-json\/wp\/v2\/comments?post=15596"}],"version-history":[{"count":1,"href":"https:\/\/revistatrend.com\/index.php\/wp-json\/wp\/v2\/posts\/15596\/revisions"}],"predecessor-version":[{"id":15598,"href":"https:\/\/revistatrend.com\/index.php\/wp-json\/wp\/v2\/posts\/15596\/revisions\/15598"}],"wp:featuredmedia":[{"embeddable":true,"href":"https:\/\/revistatrend.com\/index.php\/wp-json\/wp\/v2\/media\/15597"}],"wp:attachment":[{"href":"https:\/\/revistatrend.com\/index.php\/wp-json\/wp\/v2\/media?parent=15596"}],"wp:term":[{"taxonomy":"category","embeddable":true,"href":"https:\/\/revistatrend.com\/index.php\/wp-json\/wp\/v2\/categories?post=15596"},{"taxonomy":"post_tag","embeddable":true,"href":"https:\/\/revistatrend.com\/index.php\/wp-json\/wp\/v2\/tags?post=15596"}],"curies":[{"name":"wp","href":"https:\/\/api.w.org\/{rel}","templated":true}]}}