{"id":15601,"date":"2026-04-27T14:47:09","date_gmt":"2026-04-27T14:47:09","guid":{"rendered":"https:\/\/revistatrend.com\/?p=15601"},"modified":"2026-04-27T14:47:09","modified_gmt":"2026-04-27T14:47:09","slug":"sot-nje-nga-aktoret-turq-me-te-dashur-por-ja-cfare-punonte-dikur-ylli-i-serialeve-turke-baris-arduc","status":"publish","type":"post","link":"https:\/\/revistatrend.com\/index.php\/2026\/04\/27\/sot-nje-nga-aktoret-turq-me-te-dashur-por-ja-cfare-punonte-dikur-ylli-i-serialeve-turke-baris-arduc\/","title":{"rendered":"Sot nj\u00eb nga aktor\u00ebt turq m\u00eb t\u00eb dashur, por ja \u00e7far\u00eb punonte dikur ylli i serialeve turke Bar\u0131\u015f Ardu\u00e7"},"content":{"rendered":"<p>Aktori i njohur turk Bar\u0131\u015f Ardu\u00e7, nj\u00eb nga emrat m\u00eb t\u00eb dashur t\u00eb televizionit n\u00eb Turqi, ka t\u00ebrhequr s\u00ebrish v\u00ebmendjen e publikut, k\u00ebt\u00eb her\u00eb jo vet\u00ebm p\u00ebr karrier\u00ebn e tij t\u00eb suksesshme n\u00eb aktrim, por edhe p\u00ebr jet\u00ebn e tij para fam\u00ebs.<\/p>\n<p>I lindur m\u00eb 9 tetor 1987 n\u00eb Scherzingen t\u00eb Zvicr\u00ebs, Ardu\u00e7 u zhvendos m\u00eb pas me familjen n\u00eb Turqi, ku kreu arsimin fillor dhe t\u00eb mes\u00ebm. Rrug\u00ebtimi i tij drejt aktrimit nisi pasi u njoh me aktoren dhe artisten e teatrit Ayla Algan.<\/p>\n<p>Para se t\u00eb b\u00ebhej i njohur n\u00eb ekran, Ardu\u00e7 ka pasur nj\u00eb profesion krejt tjet\u00ebr: ai ka punuar si roje plazhi n\u00eb \u015eile p\u00ebr rreth 8 vite. N\u00eb nj\u00eb intervist\u00eb, aktori ka rr\u00ebfyer se gjat\u00eb k\u00ebsaj periudhe ka shp\u00ebtuar mbi nj\u00eb mij\u00eb jet\u00eb, duke e p\u00ebrshkruar at\u00eb si nj\u00eb eksperienc\u00eb t\u00eb paharrueshme dhe shum\u00eb t\u00eb r\u00ebnd\u00ebsishme n\u00eb jet\u00ebn e tij.<\/p>\n<p><em><strong>\u201cKam shp\u00ebtuar m\u00eb shum\u00eb se nj\u00eb mij\u00eb njer\u00ebz,\u201d<\/strong><\/em>\u00a0\u00ebsht\u00eb shprehur ai, duke surprizuar fansat me k\u00ebt\u00eb detaj t\u00eb panjohur m\u00eb par\u00eb.<\/p>\n<div class=\"teads-adCall\"><\/div>\n<p><img fetchpriority=\"high\" decoding=\"async\" src=\"https:\/\/cdnimpuls.com\/bordo.al\/media3\/-900-0-1777284105x75031804a6145a77e6a82a1d88f1c79b-108.jpg\" width=\"390\" height=\"587\" data-size=\"x\" data-id=\"131877\" \/><\/p>\n<p>Bar\u0131\u015f Ardu\u00e7, i cili ka fituar popullaritet t\u00eb madh me projekte t\u00eb suksesshme n\u00eb televizion dhe kinema, \u00ebsht\u00eb gjithashtu n\u00eb v\u00ebmendje p\u00ebr jet\u00ebn e tij personale. Ai \u00ebsht\u00eb i martuar me aktoren Gupse \u00d6zay, me t\u00eb cil\u00ebn u njoh gjat\u00eb xhirimeve t\u00eb filmit \u201cDeliha\u201d, dhe \u00e7ifti \u00ebsht\u00eb b\u00ebr\u00eb prind i nj\u00eb vajze t\u00eb quajtur Jan Asya.<\/p>\n<p>Sot, Ardu\u00e7 vazhdon t\u00eb jet\u00eb nj\u00eb nga figurat m\u00eb t\u00eb ndjekura t\u00eb ekranit turk dhe po p\u00ebrgatitet p\u00ebr projekte t\u00eb reja q\u00eb pritet t\u00eb takojn\u00eb s\u00eb shpejti publikun.<\/p>\n","protected":false},"excerpt":{"rendered":"<p>Aktori i njohur turk Bar\u0131\u015f Ardu\u00e7, nj\u00eb nga emrat m\u00eb t\u00eb dashur t\u00eb televizionit n\u00eb Turqi, ka t\u00ebrhequr s\u00ebrish v\u00ebmendjen e publikut, k\u00ebt\u00eb her\u00eb jo vet\u00ebm p\u00ebr karrier\u00ebn e tij t\u00eb suksesshme n\u00eb aktrim, por edhe p\u00ebr jet\u00ebn e tij para fam\u00ebs. I lindur m\u00eb 9 tetor 1987 n\u00eb Scherzingen t\u00eb Zvicr\u00ebs, Ardu\u00e7 u zhvendos<\/p>\n","protected":false},"author":1,"featured_media":15602,"comment_status":"open","ping_status":"open","sticky":false,"template":"","format":"standard","meta":{"footnotes":""},"categories":[10],"tags":[],"class_list":{"0":"post-15601","1":"post","2":"type-post","3":"status-publish","4":"format-standard","5":"has-post-thumbnail","7":"category-showbiz"},"_links":{"self":[{"href":"https:\/\/revistatrend.com\/index.php\/wp-json\/wp\/v2\/posts\/15601","targetHints":{"allow":["GET"]}}],"collection":[{"href":"https:\/\/revistatrend.com\/index.php\/wp-json\/wp\/v2\/posts"}],"about":[{"href":"https:\/\/revistatrend.com\/index.php\/wp-json\/wp\/v2\/types\/post"}],"author":[{"embeddable":true,"href":"https:\/\/revistatrend.com\/index.php\/wp-json\/wp\/v2\/users\/1"}],"replies":[{"embeddable":true,"href":"https:\/\/revistatrend.com\/index.php\/wp-json\/wp\/v2\/comments?post=15601"}],"version-history":[{"count":1,"href":"https:\/\/revistatrend.com\/index.php\/wp-json\/wp\/v2\/posts\/15601\/revisions"}],"predecessor-version":[{"id":15603,"href":"https:\/\/revistatrend.com\/index.php\/wp-json\/wp\/v2\/posts\/15601\/revisions\/15603"}],"wp:featuredmedia":[{"embeddable":true,"href":"https:\/\/revistatrend.com\/index.php\/wp-json\/wp\/v2\/media\/15602"}],"wp:attachment":[{"href":"https:\/\/revistatrend.com\/index.php\/wp-json\/wp\/v2\/media?parent=15601"}],"wp:term":[{"taxonomy":"category","embeddable":true,"href":"https:\/\/revistatrend.com\/index.php\/wp-json\/wp\/v2\/categories?post=15601"},{"taxonomy":"post_tag","embeddable":true,"href":"https:\/\/revistatrend.com\/index.php\/wp-json\/wp\/v2\/tags?post=15601"}],"curies":[{"name":"wp","href":"https:\/\/api.w.org\/{rel}","templated":true}]}}