{"id":15604,"date":"2026-04-27T15:08:58","date_gmt":"2026-04-27T15:08:58","guid":{"rendered":"https:\/\/revistatrend.com\/?p=15604"},"modified":"2026-04-27T15:08:58","modified_gmt":"2026-04-27T15:08:58","slug":"tension-mes-adit-dhe-mozes-ne-ferma-vip-pas-nje-keqkuptimi-per-nje-fjale-sllave","status":"publish","type":"post","link":"https:\/\/revistatrend.com\/index.php\/2026\/04\/27\/tension-mes-adit-dhe-mozes-ne-ferma-vip-pas-nje-keqkuptimi-per-nje-fjale-sllave\/","title":{"rendered":"Tension mes Adit dhe Moz\u00ebs n\u00eb \u201cFerma VIP\u201d pas nj\u00eb keqkuptimi p\u00ebr nj\u00eb fjal\u00eb sllave"},"content":{"rendered":"<p>Tension mes Adit dhe Moz\u00ebs n\u00eb \u201cFerma VIP\u201d pas nj\u00eb keqkuptimi p\u00ebr nj\u00eb fjal\u00eb sllave. Nj\u00eb keqkuptim i krijuar rreth nj\u00eb diskutimi t\u00eb m\u00ebparsh\u00ebm p\u00ebr nj\u00eb fjal\u00eb me prejardhje sllave ka sjell\u00eb p\u00ebrplasje mes Adit dhe Moz\u00ebs brenda \u201cFerma VIP\u201d, duke hapur nj\u00eb debat mbi m\u00ebnyr\u00ebn e komunikimit mes tyre.<\/p>\n<p>Sipas situat\u00ebs, Moza kishte marr\u00eb vesh se Adi e kishte diskutuar k\u00ebt\u00eb \u00e7\u00ebshtje duke iu drejtuar edhe Agait p\u00ebr t\u00eb nj\u00ebjt\u00ebn tem\u00eb. Kjo e ka shtyr\u00eb at\u00eb ta pyes\u00eb reperin n\u00ebse ishte ndjer\u00eb i bezdisur nga situata dhe pse kishte zgjedhur ta \u00e7onte m\u00eb tej diskutimin.<\/p>\n<p>Adi u p\u00ebrgjigj se kishte vendosur ta trajtonte \u00e7\u00ebshtjen duke e diskutuar me Again, gj\u00eb q\u00eb duket se ka shkaktuar pak\u00ebnaq\u00ebsi te Moza. Ajo reagoi duke theksuar se situata mund t\u00eb ishte sqaruar leht\u00ebsisht mes tyre, pa qen\u00eb nevoja t\u00eb p\u00ebrhapej apo t\u00eb diskutohej me persona t\u00eb tjer\u00eb jasht\u00eb bised\u00ebs fillestare. Nga ana e saj, Moza e vuri theksin te mungesa e komunikimit t\u00eb drejtp\u00ebrdrejt\u00eb, duke u shprehur se \u00e7do keqkuptim mund t\u00eb zgjidhej thjesht mes tyre, pa u b\u00ebr\u00eb m\u00eb i madh se \u00e7\u2019duhej.<\/p>\n<p><em><strong>Moza: K\u00ebt\u00eb fjal\u00ebn sllave q\u00eb po diskutonim dje, mos je ankuar gj\u00eb ti?<\/strong><\/em><\/p>\n<p><em><strong>Adi:\u00a0Jam ankuar shum\u00eb.<\/strong><\/em><\/p>\n<p><em><strong>Moza:\u00a0Ou?<\/strong><\/em><\/p>\n<p><em><strong>Adi:\u00a0Po.<\/strong><\/em><\/p>\n<p><em><strong>Moza:\u00a0Po \u00e7\u2019m\u00eb vjen nga mbrapa at\u00ebher\u00eb kur qenke i pak\u00ebnaqur, pse s\u2019e debatove me muaAdi:\u00a0Nuk dua t\u2019i debatoj k\u00ebtu ato, dua t\u2019i debatoj n\u00eb sy t\u00eb shqiptar\u00ebve<\/strong><\/em><\/p>\n<p><em><strong>Moza:\u00a0At\u00ebher\u00eb ti vjen te un\u00eb q\u00eb t\u00eb mjel\u00ebsh ndonj\u00eb konflikt dhe t\u00eb b\u00ebsh atje, \u00e7ka do t\u00eb debatosh me at\u00eb ti, se s\u2019e kuptova<\/strong><\/em><\/p>\n<p><em><strong>Adi:\u00a0Ve\u00e7 t\u00eb ma shpjegosh pse m\u00eb the mua: \u201cTi e kupton q\u00eb \u00ebsht\u00eb gjuh\u00eb sllave\u201d.<\/strong><\/em><\/p>\n<p><em><strong>Moza:\u00a0Po ajo do t\u00eb thot\u00eb \u2018dreq\u2019.<\/strong><\/em><\/p>\n<p><em><strong>Adi:\u00a0O ti, kur un\u00eb thash\u00eb s\u00eb pari, un\u00eb thash\u00eb p\u00ebr humor \u2018po un\u00eb e kuptova\u2019. Dhe ti the \u2018po e di q\u00eb e kupton se \u00ebsht\u00eb gjuh\u00eb sllave\u2019.<\/strong><\/em><\/p>\n<p><em><strong>Moza:\u00a0Po sepse je komshi atje dhe thash\u00eb kush e di, se shum\u00eb nga ju&#8230;<\/strong><\/em><\/p>\n<p><em><strong>Adi:\u00a0Un\u00eb jam komshi me Shqip\u00ebrin\u00eb.<\/strong><\/em><\/p>\n<p><em><strong>Moza:\u00a0Dakord, por shum\u00eb vet\u00eb nga ju e din\u00eb serbo-kroatishten, edhe babai im e dinte.<\/strong><\/em><\/p>\n<p><em><strong>Adi:\u00a0Po, edhe babai im e di, se t\u00eb gjith\u00eb moshatar\u00ebt kan\u00eb qen\u00eb n\u00eb ish-Jugosllavi, ka kryer ushtri n\u00eb Kroaci.<\/strong><\/em><\/p>\n<p><em><strong>Moza:\u00a0Pse hap subjekt politik ti kot m\u00eb kot, p\u00ebr nj\u00eb fjal\u00eb, kjo \u00ebsht\u00eb \u00e7\u00ebshtje linguistike, s\u2019ka t\u00eb b\u00ebj\u00eb fare me politik\u00eb.<\/strong><\/em><\/p>\n<p><em><strong>Adi:\u00a0Pse un\u00eb me dit\u00eb gjuh\u00ebn sllave?<\/strong><\/em><\/p>\n<p><em><strong>Moza:\u00a0Ua po gjuh\u00ebt jan\u00eb kultur\u00eb, kulturat nuk jan\u00eb politik\u00eb.<\/strong><\/em><\/p>\n<p><em><strong>Adi:\u00a0\u00c7far\u00eb kulture gjuha sllave, \u00e7far\u00eb kulture ta di un\u00eb gjuh\u00ebn sllave.<\/strong><\/em><\/p>\n<p><em><strong>Moza:\u00a0Po mos e hap k\u00ebt\u00eb tem\u00eb se del shum\u00eb keq, gjuh\u00ebt s\u2019kan\u00eb t\u00eb b\u00ebjn\u00eb fare, popujt dhe kulturat kan\u00eb vler\u00eb.<\/strong><\/em><\/p>\n<p><em><strong>Adi:\u00a0Ti m\u00eb the \u201ce kupton se \u00ebsht\u00eb gjuh\u00eb sllave\u201d, un\u00eb komshi e kam Shqip\u00ebrin\u00eb.<\/strong><\/em><\/p>\n","protected":false},"excerpt":{"rendered":"<p>Tension mes Adit dhe Moz\u00ebs n\u00eb \u201cFerma VIP\u201d pas nj\u00eb keqkuptimi p\u00ebr nj\u00eb fjal\u00eb sllave. Nj\u00eb keqkuptim i krijuar rreth nj\u00eb diskutimi t\u00eb m\u00ebparsh\u00ebm p\u00ebr nj\u00eb fjal\u00eb me prejardhje sllave ka sjell\u00eb p\u00ebrplasje mes Adit dhe Moz\u00ebs brenda \u201cFerma VIP\u201d, duke hapur nj\u00eb debat mbi m\u00ebnyr\u00ebn e komunikimit mes tyre. Sipas situat\u00ebs, Moza kishte marr\u00eb<\/p>\n","protected":false},"author":1,"featured_media":15605,"comment_status":"open","ping_status":"open","sticky":false,"template":"","format":"standard","meta":{"footnotes":""},"categories":[10],"tags":[],"class_list":{"0":"post-15604","1":"post","2":"type-post","3":"status-publish","4":"format-standard","5":"has-post-thumbnail","7":"category-showbiz"},"_links":{"self":[{"href":"https:\/\/revistatrend.com\/index.php\/wp-json\/wp\/v2\/posts\/15604","targetHints":{"allow":["GET"]}}],"collection":[{"href":"https:\/\/revistatrend.com\/index.php\/wp-json\/wp\/v2\/posts"}],"about":[{"href":"https:\/\/revistatrend.com\/index.php\/wp-json\/wp\/v2\/types\/post"}],"author":[{"embeddable":true,"href":"https:\/\/revistatrend.com\/index.php\/wp-json\/wp\/v2\/users\/1"}],"replies":[{"embeddable":true,"href":"https:\/\/revistatrend.com\/index.php\/wp-json\/wp\/v2\/comments?post=15604"}],"version-history":[{"count":1,"href":"https:\/\/revistatrend.com\/index.php\/wp-json\/wp\/v2\/posts\/15604\/revisions"}],"predecessor-version":[{"id":15606,"href":"https:\/\/revistatrend.com\/index.php\/wp-json\/wp\/v2\/posts\/15604\/revisions\/15606"}],"wp:featuredmedia":[{"embeddable":true,"href":"https:\/\/revistatrend.com\/index.php\/wp-json\/wp\/v2\/media\/15605"}],"wp:attachment":[{"href":"https:\/\/revistatrend.com\/index.php\/wp-json\/wp\/v2\/media?parent=15604"}],"wp:term":[{"taxonomy":"category","embeddable":true,"href":"https:\/\/revistatrend.com\/index.php\/wp-json\/wp\/v2\/categories?post=15604"},{"taxonomy":"post_tag","embeddable":true,"href":"https:\/\/revistatrend.com\/index.php\/wp-json\/wp\/v2\/tags?post=15604"}],"curies":[{"name":"wp","href":"https:\/\/api.w.org\/{rel}","templated":true}]}}