{"id":15607,"date":"2026-04-27T15:10:41","date_gmt":"2026-04-27T15:10:41","guid":{"rendered":"https:\/\/revistatrend.com\/?p=15607"},"modified":"2026-04-27T15:10:41","modified_gmt":"2026-04-27T15:10:41","slug":"miri-dhe-bashkeshortja-nuk-i-kursejne-fotot-romantike-ja-cfare-kane-postuar-se-fundmi","status":"publish","type":"post","link":"https:\/\/revistatrend.com\/index.php\/2026\/04\/27\/miri-dhe-bashkeshortja-nuk-i-kursejne-fotot-romantike-ja-cfare-kane-postuar-se-fundmi\/","title":{"rendered":"Miri dhe bashk\u00ebshortja nuk i kursejn\u00eb fotot romantike, ja \u00e7far\u00eb kan\u00eb postuar s\u00eb fundmi"},"content":{"rendered":"<p>Pas p\u00ebrfundimit t\u00eb eksperienc\u00ebs s\u00eb tij n\u00eb Big Brother VIP Albania 5, Armir Shahini, i njohur p\u00ebr publikun si Miri, \u00ebsht\u00eb rikthyer pran\u00eb familjes, duke shuar p\u00ebrfundimisht thashethemet p\u00ebr nj\u00eb kriz\u00eb n\u00eb martes\u00ebn e tij.<\/p>\n<p>Dit\u00ebt e fundit n\u00eb rrjet kishin qarkulluar aludime p\u00ebr nj\u00eb distanc\u00eb mes tij dhe bashk\u00ebshortes, Rabea Shahini, por pamjet e publikuara nga vet\u00eb ai tregojn\u00eb nj\u00eb realitet krejt tjet\u00ebr. N\u00eb nj\u00eb video t\u00eb ndar\u00eb n\u00eb Instastory, Miri shfaqet duke p\u00ebrqafuar me emocion vajz\u00ebn e tij, nd\u00ebrsa pran\u00eb tij \u00ebsht\u00eb edhe Rabea.<\/p>\n<p>Ajo q\u00eb t\u00ebrhoqi m\u00eb shum\u00eb v\u00ebmendje ishte afrimiteti i \u00e7iftit n\u00eb momentin e ribashkimit. Ata duken t\u00eb qet\u00eb dhe t\u00eb dashur me nj\u00ebri-tjetrin, madje shk\u00ebmbejn\u00eb edhe nj\u00eb puthje, duke rr\u00ebzuar \u00e7do dyshim p\u00ebr probleme mes tyre.<\/p>\n<p>Nga ana tjet\u00ebr edhe Rabea ka reaguar n\u00eb rrjetet sociale, duke postuar nj\u00eb selfie krah Mirit. T\u00eb dy shfaqen t\u00eb buz\u00ebqeshur, nd\u00ebrsa ajo e ka shoq\u00ebruar foton me fjal\u00ebt \u201cJu p\u00ebrsh\u00ebndesim\u201d dhe nj\u00eb emoji zemre. N\u00eb sfond d\u00ebgjohet k\u00ebnga N\u00eb krah\u00ebt e tua do jem nga West Side Family, nj\u00eb zgjedhje q\u00eb u interpretua si nj\u00eb mesazh p\u00ebr marr\u00ebdh\u00ebnien e tyre.<\/p>\n<p>Ky ribashkim vjen pak pasi Miri kishte sqaruar publikisht se mungesa e bashk\u00ebshortes gjat\u00eb finales s\u00eb spektaklit lidhej me angazhimet e saj n\u00eb Gjermani dhe jo me ndonj\u00eb problem n\u00eb \u00e7ift. <span style=\"font-size: 14px;\">Kujtojm\u00eb se ai arriti deri n\u00eb finalen e madhe t\u00eb formatit, duke u renditur i dyti. Me zhvillimet e fundit, duket se \u00e7ifti ka l\u00ebn\u00eb pas \u00e7do zhurm\u00eb mediatike, duke treguar se lidhja e tyre vijon e q\u00ebndrueshme.<\/span><\/p>\n<div class=\"equalspan-wrapper\">\n<div class=\"grid grid-temp-2\">\n<article class=\"a-card\"><\/article>\n<article class=\"a-card\">\n<div class=\"a-card_content\">\n<h3 class=\"a-head\"><\/h3>\n<\/div>\n<\/article>\n<article class=\"a-card\">\n<div class=\"a-card_image\"><\/div>\n<\/article>\n<\/div>\n<\/div>\n","protected":false},"excerpt":{"rendered":"<p>Pas p\u00ebrfundimit t\u00eb eksperienc\u00ebs s\u00eb tij n\u00eb Big Brother VIP Albania 5, Armir Shahini, i njohur p\u00ebr publikun si Miri, \u00ebsht\u00eb rikthyer pran\u00eb familjes, duke shuar p\u00ebrfundimisht thashethemet p\u00ebr nj\u00eb kriz\u00eb n\u00eb martes\u00ebn e tij. Dit\u00ebt e fundit n\u00eb rrjet kishin qarkulluar aludime p\u00ebr nj\u00eb distanc\u00eb mes tij dhe bashk\u00ebshortes, Rabea Shahini, por pamjet e<\/p>\n","protected":false},"author":1,"featured_media":15608,"comment_status":"open","ping_status":"open","sticky":false,"template":"","format":"standard","meta":{"footnotes":""},"categories":[10],"tags":[],"class_list":{"0":"post-15607","1":"post","2":"type-post","3":"status-publish","4":"format-standard","5":"has-post-thumbnail","7":"category-showbiz"},"_links":{"self":[{"href":"https:\/\/revistatrend.com\/index.php\/wp-json\/wp\/v2\/posts\/15607","targetHints":{"allow":["GET"]}}],"collection":[{"href":"https:\/\/revistatrend.com\/index.php\/wp-json\/wp\/v2\/posts"}],"about":[{"href":"https:\/\/revistatrend.com\/index.php\/wp-json\/wp\/v2\/types\/post"}],"author":[{"embeddable":true,"href":"https:\/\/revistatrend.com\/index.php\/wp-json\/wp\/v2\/users\/1"}],"replies":[{"embeddable":true,"href":"https:\/\/revistatrend.com\/index.php\/wp-json\/wp\/v2\/comments?post=15607"}],"version-history":[{"count":2,"href":"https:\/\/revistatrend.com\/index.php\/wp-json\/wp\/v2\/posts\/15607\/revisions"}],"predecessor-version":[{"id":15610,"href":"https:\/\/revistatrend.com\/index.php\/wp-json\/wp\/v2\/posts\/15607\/revisions\/15610"}],"wp:featuredmedia":[{"embeddable":true,"href":"https:\/\/revistatrend.com\/index.php\/wp-json\/wp\/v2\/media\/15608"}],"wp:attachment":[{"href":"https:\/\/revistatrend.com\/index.php\/wp-json\/wp\/v2\/media?parent=15607"}],"wp:term":[{"taxonomy":"category","embeddable":true,"href":"https:\/\/revistatrend.com\/index.php\/wp-json\/wp\/v2\/categories?post=15607"},{"taxonomy":"post_tag","embeddable":true,"href":"https:\/\/revistatrend.com\/index.php\/wp-json\/wp\/v2\/tags?post=15607"}],"curies":[{"name":"wp","href":"https:\/\/api.w.org\/{rel}","templated":true}]}}