{"id":15612,"date":"2026-04-28T14:50:37","date_gmt":"2026-04-28T14:50:37","guid":{"rendered":"https:\/\/revistatrend.com\/?p=15612"},"modified":"2026-04-28T14:50:51","modified_gmt":"2026-04-28T14:50:51","slug":"ndjenjat-nuk-fiken-me-buton-fabiola-rrefen-raportin-me-adin-fermeri-sqaron-lidhjen-jashte","status":"publish","type":"post","link":"https:\/\/revistatrend.com\/index.php\/2026\/04\/28\/ndjenjat-nuk-fiken-me-buton-fabiola-rrefen-raportin-me-adin-fermeri-sqaron-lidhjen-jashte\/","title":{"rendered":"Ndjenjat nuk fiken me buton\u201d, Fabiola rr\u00ebfen raportin me Adin, fermeri sqaron lidhjen jasht\u00eb"},"content":{"rendered":"<p>Raporti mes Fabiol\u00ebs dhe Adionit \u00ebsht\u00eb kthyer n\u00eb qend\u00ebr t\u00eb v\u00ebmendjes s\u00eb mediave dit\u00ebt e fundit, ve\u00e7an\u00ebrisht pas hyrjes n\u00eb Ferm\u00eb t\u00eb v\u00ebllait t\u00eb konkurrentes.<\/p>\n<p>Ai i k\u00ebrkoi Fabiol\u00ebs t\u00eb largohej nga \u201cFerma VIP\u201d, duke u shprehur se ajo nuk po u p\u00ebrmbahej parimeve me t\u00eb cilat kishte hyr\u00eb n\u00eb format, si dhe i ka k\u00ebrkuar t\u00eb distancohej nga Adioni.<\/p>\n<p>Gjat\u00eb Prime t\u00eb mbr\u00ebmjes s\u00eb djeshme, u diskutua gjer\u00ebsisht p\u00ebr marr\u00ebdh\u00ebnien mes tyre dhe zhvillimet e fundit.<\/p>\n<p>Fabiola u shpreh se ndihet fajtore p\u00ebr situat\u00ebn e krijuar, duke theksuar se edhe pse familja mund ta fal\u00eb, ajo nuk arrin ta fal\u00eb veten. Ajo shtoi gjithashtu se ndjenjat nuk jan\u00eb di\u00e7ka q\u00eb mund t\u00eb kontrollohen leht\u00ebsisht.<\/p>\n<p>Nga ana tjet\u00ebr, Adi sqaroi se nuk ka nj\u00eb lidhje jasht\u00eb, duke b\u00ebr\u00eb t\u00eb ditur se ishte ndar\u00eb para se t\u00eb hynte n\u00eb Ferm\u00eb.<\/p>\n<p><strong>Pjes\u00eb nga biseda:<\/strong><\/p>\n<p><em><strong>Adi:<\/strong>\u00a0E kemi folur\u2026un\u00eb kam qen\u00eb n\u00eb stres dhe nuk kam mundur as t\u00eb flas. Kam qen\u00eb n\u00eb stres q\u00eb familja e Fabiol\u00ebs nuk ka qen\u00eb mir\u00eb dhe kam dashur tu them m\u00eb fal<\/em><\/p>\n<p><em><strong>Ola:<\/strong>\u00a0Ai moment \u00ebsht\u00eb nj\u00eb nga momentet q\u00eb nuk kam pasur aq shum\u00eb emocione. Un\u00eb kam menduar q\u00eb do vinte p\u00ebr mir\u00eb. Por fakti q\u00eb ai \u00ebsht\u00eb detyruar t\u00eb vij\u00eb k\u00ebtu p\u00ebr at\u00eb arsye, ai ndoshta ma fal, familja ime ma fal, por un\u00eb nuk ja fal vetes. Adionit jam munduar tja shpjegoj situat\u00ebn. Un\u00eb Adionin e kam xhan. I thash e v\u00ebllait q\u00eb jam duke e njohur. Nj\u00eb ndjesi nuk mund ta fik me buton, un\u00eb nuk punoj me bateri.<\/em><\/p>\n<p><em><strong>Adi:<\/strong>\u00a0Jemi disancuar, por t\u00eb nes\u00ebrmen kam par\u00eb q\u00eb Ola ka ndenjtur vet\u00ebm dhe i kam th\u00ebn\u00eb q\u00eb e un\u00eb do jem n\u00eb stres.<\/em><\/p>\n<p><em><strong>Ola:<\/strong>\u00a0Kemi b\u00ebr\u00eb nj\u00eb pakt q\u00eb t\u00eb dy do jemi mir\u00eb. V\u00ebllai m\u00eb tha nj\u00eb histori me peshk e me zog, n\u00eb kuptimin q\u00eb kjo nuk b\u00ebn as jasht\u00eb. Arsyeja ishte situata e Adionit jasht\u00eb.<\/em><\/p>\n<p><em><strong>Adi:<\/strong>\u00a0Un\u00eb nuk e kam nj\u00eb lidhje jasht\u00eb. Jam ndar\u00eb kur kam hyr\u00eb k\u00ebtu. Kur kam hyr\u00eb, kam qen\u00eb duke vuajtur p\u00ebr at\u00eb njeri. Un\u00eb kam th\u00ebn\u00eb \u201cpo\u201d kur jam pyetur a kam dik\u00eb jasht\u00eb dhe kjo ka ndikuar tek familja e Ol\u00ebs. Por un\u00eb nuk kam dik\u00eb jasht\u00eb. N\u00ebse do kisha, nuk do afrohsha te Ola. Kur jam afruar te Ola, ndjenjat p\u00ebr personin jasht\u00eb jan\u00eb venitur.<\/em><\/p>\n","protected":false},"excerpt":{"rendered":"<p>Raporti mes Fabiol\u00ebs dhe Adionit \u00ebsht\u00eb kthyer n\u00eb qend\u00ebr t\u00eb v\u00ebmendjes s\u00eb mediave dit\u00ebt e fundit, ve\u00e7an\u00ebrisht pas hyrjes n\u00eb Ferm\u00eb t\u00eb v\u00ebllait t\u00eb konkurrentes. Ai i k\u00ebrkoi Fabiol\u00ebs t\u00eb largohej nga \u201cFerma VIP\u201d, duke u shprehur se ajo nuk po u p\u00ebrmbahej parimeve me t\u00eb cilat kishte hyr\u00eb n\u00eb format, si dhe i ka<\/p>\n","protected":false},"author":1,"featured_media":15614,"comment_status":"open","ping_status":"open","sticky":false,"template":"","format":"standard","meta":{"footnotes":""},"categories":[10],"tags":[],"class_list":{"0":"post-15612","1":"post","2":"type-post","3":"status-publish","4":"format-standard","5":"has-post-thumbnail","7":"category-showbiz"},"_links":{"self":[{"href":"https:\/\/revistatrend.com\/index.php\/wp-json\/wp\/v2\/posts\/15612","targetHints":{"allow":["GET"]}}],"collection":[{"href":"https:\/\/revistatrend.com\/index.php\/wp-json\/wp\/v2\/posts"}],"about":[{"href":"https:\/\/revistatrend.com\/index.php\/wp-json\/wp\/v2\/types\/post"}],"author":[{"embeddable":true,"href":"https:\/\/revistatrend.com\/index.php\/wp-json\/wp\/v2\/users\/1"}],"replies":[{"embeddable":true,"href":"https:\/\/revistatrend.com\/index.php\/wp-json\/wp\/v2\/comments?post=15612"}],"version-history":[{"count":1,"href":"https:\/\/revistatrend.com\/index.php\/wp-json\/wp\/v2\/posts\/15612\/revisions"}],"predecessor-version":[{"id":15613,"href":"https:\/\/revistatrend.com\/index.php\/wp-json\/wp\/v2\/posts\/15612\/revisions\/15613"}],"wp:featuredmedia":[{"embeddable":true,"href":"https:\/\/revistatrend.com\/index.php\/wp-json\/wp\/v2\/media\/15614"}],"wp:attachment":[{"href":"https:\/\/revistatrend.com\/index.php\/wp-json\/wp\/v2\/media?parent=15612"}],"wp:term":[{"taxonomy":"category","embeddable":true,"href":"https:\/\/revistatrend.com\/index.php\/wp-json\/wp\/v2\/categories?post=15612"},{"taxonomy":"post_tag","embeddable":true,"href":"https:\/\/revistatrend.com\/index.php\/wp-json\/wp\/v2\/tags?post=15612"}],"curies":[{"name":"wp","href":"https:\/\/api.w.org\/{rel}","templated":true}]}}