{"id":15615,"date":"2026-04-28T14:53:12","date_gmt":"2026-04-28T14:53:12","guid":{"rendered":"https:\/\/revistatrend.com\/?p=15615"},"modified":"2026-04-28T14:53:12","modified_gmt":"2026-04-28T14:53:12","slug":"ik-ne-kopsht-bashke-me-femijet-perplasje-e-forte-mes-mozes-dhe-sares-ne-ferma-vip","status":"publish","type":"post","link":"https:\/\/revistatrend.com\/index.php\/2026\/04\/28\/ik-ne-kopsht-bashke-me-femijet-perplasje-e-forte-mes-mozes-dhe-sares-ne-ferma-vip\/","title":{"rendered":"\u201cIk n\u00eb kopsht bashk\u00eb me f\u00ebmij\u00ebt\u201d, p\u00ebrplasje e fort\u00eb mes Moz\u00ebs dhe Sar\u00ebs n\u00eb Ferma VIP"},"content":{"rendered":"<p>Nj\u00eb debat i ashp\u00ebr ka shp\u00ebrthyer n\u00eb \u201cFerma VIP\u201d mes Moz\u00ebs dhe Sar\u00ebs, ku situata degradoi deri n\u00eb p\u00ebrfshirjen e f\u00ebmij\u00ebve t\u00eb konkurrenteve.<\/p>\n<p>Gjat\u00eb nj\u00eb p\u00ebrplasjeje n\u00eb ferm\u00eb, Moza iu drejtua Sar\u00ebs me fjal\u00ebt:\u00a0<em>\u201cIk n\u00eb kopsht bashk\u00eb me f\u00ebmij\u00ebt e tu\u201d,<\/em>\u00a0deklarat\u00eb q\u00eb e preku r\u00ebnd\u00eb Sar\u00ebn, e cila shp\u00ebrtheu n\u00eb lot.<\/p>\n<p>Nga ana tjet\u00ebr, Sara e akuzoi Moz\u00ebn si \u201cmanipuluese\u201d, duke i k\u00ebrkuar q\u00eb t\u00eb k\u00ebrkonte ndjes\u00eb p\u00ebr fjal\u00ebt e th\u00ebna.<\/p>\n<p>P\u00ebrplasja u diskutua edhe gjat\u00eb \u201cPrime\u201d t\u00eb mbr\u00ebmjes s\u00eb djeshme, ku opinionisti Ermali u shpreh i zhg\u00ebnjyer nga situata.<\/p>\n<p><em>\u201cM\u00eb erdhi keq q\u00eb i pash\u00eb. Nuk \u00ebsht\u00eb bukur q\u00eb dy gra t\u00eb zihen n\u00eb at\u00eb form\u00eb\u201d,<\/em>\u00a0tha ai.<\/p>\n<p>Nd\u00ebrkoh\u00eb, Moza vazhdoi t\u00eb k\u00ebmb\u00ebngulte se nuk ka pasur q\u00ebllim t\u00eb p\u00ebrfshij\u00eb f\u00ebmij\u00ebt n\u00eb debat.<\/p>\n<p><em>\u201cNuk ia preka f\u00ebmij\u00ebt. I thash\u00eb \u2018shko me kalamajt\u00eb n\u00eb kopsht\u2019. E kisha p\u00ebr sjelljen e saj f\u00ebminore\u201d,<\/em>\u00a0u shpreh ajo, duke shtuar gjithashtu:<em>\u00a0\u201cF\u00ebmij\u00ebt e Sar\u00ebs i p\u00ebrsh\u00ebndes\u201d.<\/em><\/p>\n","protected":false},"excerpt":{"rendered":"<p>Nj\u00eb debat i ashp\u00ebr ka shp\u00ebrthyer n\u00eb \u201cFerma VIP\u201d mes Moz\u00ebs dhe Sar\u00ebs, ku situata degradoi deri n\u00eb p\u00ebrfshirjen e f\u00ebmij\u00ebve t\u00eb konkurrenteve. Gjat\u00eb nj\u00eb p\u00ebrplasjeje n\u00eb ferm\u00eb, Moza iu drejtua Sar\u00ebs me fjal\u00ebt:\u00a0\u201cIk n\u00eb kopsht bashk\u00eb me f\u00ebmij\u00ebt e tu\u201d,\u00a0deklarat\u00eb q\u00eb e preku r\u00ebnd\u00eb Sar\u00ebn, e cila shp\u00ebrtheu n\u00eb lot. Nga ana tjet\u00ebr, Sara<\/p>\n","protected":false},"author":1,"featured_media":15616,"comment_status":"open","ping_status":"open","sticky":false,"template":"","format":"standard","meta":{"footnotes":""},"categories":[10],"tags":[],"class_list":{"0":"post-15615","1":"post","2":"type-post","3":"status-publish","4":"format-standard","5":"has-post-thumbnail","7":"category-showbiz"},"_links":{"self":[{"href":"https:\/\/revistatrend.com\/index.php\/wp-json\/wp\/v2\/posts\/15615","targetHints":{"allow":["GET"]}}],"collection":[{"href":"https:\/\/revistatrend.com\/index.php\/wp-json\/wp\/v2\/posts"}],"about":[{"href":"https:\/\/revistatrend.com\/index.php\/wp-json\/wp\/v2\/types\/post"}],"author":[{"embeddable":true,"href":"https:\/\/revistatrend.com\/index.php\/wp-json\/wp\/v2\/users\/1"}],"replies":[{"embeddable":true,"href":"https:\/\/revistatrend.com\/index.php\/wp-json\/wp\/v2\/comments?post=15615"}],"version-history":[{"count":1,"href":"https:\/\/revistatrend.com\/index.php\/wp-json\/wp\/v2\/posts\/15615\/revisions"}],"predecessor-version":[{"id":15617,"href":"https:\/\/revistatrend.com\/index.php\/wp-json\/wp\/v2\/posts\/15615\/revisions\/15617"}],"wp:featuredmedia":[{"embeddable":true,"href":"https:\/\/revistatrend.com\/index.php\/wp-json\/wp\/v2\/media\/15616"}],"wp:attachment":[{"href":"https:\/\/revistatrend.com\/index.php\/wp-json\/wp\/v2\/media?parent=15615"}],"wp:term":[{"taxonomy":"category","embeddable":true,"href":"https:\/\/revistatrend.com\/index.php\/wp-json\/wp\/v2\/categories?post=15615"},{"taxonomy":"post_tag","embeddable":true,"href":"https:\/\/revistatrend.com\/index.php\/wp-json\/wp\/v2\/tags?post=15615"}],"curies":[{"name":"wp","href":"https:\/\/api.w.org\/{rel}","templated":true}]}}