{"id":15618,"date":"2026-04-28T14:53:50","date_gmt":"2026-04-28T14:53:50","guid":{"rendered":"https:\/\/revistatrend.com\/?p=15618"},"modified":"2026-04-28T14:53:50","modified_gmt":"2026-04-28T14:53:50","slug":"i-shoqeruar-nga-bashkeshortja-dhe-vajza-princ-leka-ndan-fotot-nga-jugu-i-shqiperise-momenti-kur-princesha-perqafon-partneren-e-te-atit","status":"publish","type":"post","link":"https:\/\/revistatrend.com\/index.php\/2026\/04\/28\/i-shoqeruar-nga-bashkeshortja-dhe-vajza-princ-leka-ndan-fotot-nga-jugu-i-shqiperise-momenti-kur-princesha-perqafon-partneren-e-te-atit\/","title":{"rendered":"I shoq\u00ebruar nga bashk\u00ebshortja dhe vajza, Princ Leka ndan FOTOT nga jugu i Shqip\u00ebris\u00eb! Momenti kur princesha p\u00ebrqafon partneren e t\u00eb atit"},"content":{"rendered":"<p>I shoq\u00ebruar nga bashk\u00ebshortja Blerta dhe vajza e tij, Princesha Geraldin\u00eb, Princ Leka ka qen\u00eb i ftuar n\u00eb evente n\u00eb fshatin Luzat t\u00eb Tepelen\u00ebs.<\/p>\n<p>N\u00eb nj\u00eb postim n\u00eb Facebook, Leka ka ndar\u00eb foto ku shfaqet krah bashk\u00ebshortes dhe vajz\u00ebs s\u00eb tij. Ai shkruan se ishte nj\u00eb k\u00ebnaq\u00ebsi e ve\u00e7ant\u00eb t\u00eb shoq\u00ebrohej nga Geraldina dhe Blerta.<\/p>\n<div class=\"horizontal imazhiim\" data-mce-contenteditable=\"false\"><img decoding=\"async\" src=\"https:\/\/cdnimpuls.com\/newsbomb.al\/media3\/-900-0-1777237821x681179905-18582589969050010-3956967163992563837-n-383.jpg\" alt=\"I shoq\u00ebruar nga bashk\u00ebshortja dhe vajza, Princ Leka ndan FOTOT nga\" width=\"100%\" data-size=\"x\" data-id=\"370698\" \/><\/p>\n<div class=\"captionposhte\" data-mce-contenteditable=\"false\"><\/div>\n<\/div>\n<p>\u201c<em>Ishte nj\u00eb k\u00ebnaq\u00ebsi e ve\u00e7ant\u00eb t\u00eb isha i shoq\u00ebruar nga bashk\u00ebshortja ime, Princesh\u00eb Blerta, dhe vajza ime, Princesh\u00eb Geraldin\u00eb, p\u00ebr t\u00eb p\u00ebrkujtuar dhe vler\u00ebsuar nj\u00eb trash\u00ebgimi q\u00eb vijon t\u00eb frym\u00ebzoj\u00eb n\u00eb breza\u201d<\/em>, thekson Princ Leka n\u00eb postimin e tij.<\/p>\n<p>Nd\u00ebrsa ajo q\u00eb ka t\u00ebrhequr v\u00ebmendjen n\u00eb postimin e Princit, \u00ebsht\u00eb momenti kur Geraldina p\u00ebrqafon Blert\u00ebn.<\/p>\n<div class=\"horizontal imazhiim\" data-mce-contenteditable=\"false\"><img decoding=\"async\" src=\"https:\/\/cdnimpuls.com\/newsbomb.al\/media3\/-900-0-1777237821x681179905-18582589969050010-3956967163992563837-n-383.jpg\" alt=\"I shoq\u00ebruar nga bashk\u00ebshortja dhe vajza, Princ Leka ndan FOTOT nga\" width=\"100%\" data-size=\"x\" data-id=\"370698\" \/><\/p>\n<div class=\"captionposhte\" data-mce-contenteditable=\"false\"><\/div>\n<\/div>\n<p>Kujtojm\u00eb se disa jav\u00eb m\u00eb par\u00eb, Princ Leka kuror\u00ebzoi dashurin\u00eb e tij disa vje\u00e7are me fotografen Blerta Celibashi, pas divorcit nga aktorja Elia Zaharia.<\/p>\n<p>Nd\u00ebrkoh\u00eb, n\u00eb media \u00ebsht\u00eb p\u00ebrfolur se Princesha Blerta \u00ebsht\u00eb n\u00eb pritje t\u00eb \u00ebmb\u00ebl t\u00eb nj\u00eb djali.<\/p>\n","protected":false},"excerpt":{"rendered":"<p>I shoq\u00ebruar nga bashk\u00ebshortja Blerta dhe vajza e tij, Princesha Geraldin\u00eb, Princ Leka ka qen\u00eb i ftuar n\u00eb evente n\u00eb fshatin Luzat t\u00eb Tepelen\u00ebs. N\u00eb nj\u00eb postim n\u00eb Facebook, Leka ka ndar\u00eb foto ku shfaqet krah bashk\u00ebshortes dhe vajz\u00ebs s\u00eb tij. Ai shkruan se ishte nj\u00eb k\u00ebnaq\u00ebsi e ve\u00e7ant\u00eb t\u00eb shoq\u00ebrohej nga Geraldina dhe Blerta.<\/p>\n","protected":false},"author":1,"featured_media":15619,"comment_status":"open","ping_status":"open","sticky":false,"template":"","format":"standard","meta":{"footnotes":""},"categories":[10],"tags":[],"class_list":{"0":"post-15618","1":"post","2":"type-post","3":"status-publish","4":"format-standard","5":"has-post-thumbnail","7":"category-showbiz"},"_links":{"self":[{"href":"https:\/\/revistatrend.com\/index.php\/wp-json\/wp\/v2\/posts\/15618","targetHints":{"allow":["GET"]}}],"collection":[{"href":"https:\/\/revistatrend.com\/index.php\/wp-json\/wp\/v2\/posts"}],"about":[{"href":"https:\/\/revistatrend.com\/index.php\/wp-json\/wp\/v2\/types\/post"}],"author":[{"embeddable":true,"href":"https:\/\/revistatrend.com\/index.php\/wp-json\/wp\/v2\/users\/1"}],"replies":[{"embeddable":true,"href":"https:\/\/revistatrend.com\/index.php\/wp-json\/wp\/v2\/comments?post=15618"}],"version-history":[{"count":1,"href":"https:\/\/revistatrend.com\/index.php\/wp-json\/wp\/v2\/posts\/15618\/revisions"}],"predecessor-version":[{"id":15620,"href":"https:\/\/revistatrend.com\/index.php\/wp-json\/wp\/v2\/posts\/15618\/revisions\/15620"}],"wp:featuredmedia":[{"embeddable":true,"href":"https:\/\/revistatrend.com\/index.php\/wp-json\/wp\/v2\/media\/15619"}],"wp:attachment":[{"href":"https:\/\/revistatrend.com\/index.php\/wp-json\/wp\/v2\/media?parent=15618"}],"wp:term":[{"taxonomy":"category","embeddable":true,"href":"https:\/\/revistatrend.com\/index.php\/wp-json\/wp\/v2\/categories?post=15618"},{"taxonomy":"post_tag","embeddable":true,"href":"https:\/\/revistatrend.com\/index.php\/wp-json\/wp\/v2\/tags?post=15618"}],"curies":[{"name":"wp","href":"https:\/\/api.w.org\/{rel}","templated":true}]}}