{"id":15627,"date":"2026-04-29T15:00:37","date_gmt":"2026-04-29T15:00:37","guid":{"rendered":"https:\/\/revistatrend.com\/?p=15627"},"modified":"2026-04-29T15:00:37","modified_gmt":"2026-04-29T15:00:37","slug":"shperthen-romanca-ne-ferme-ndodh-puthja-e-pare-mes-vaneses-dhe-indrit","status":"publish","type":"post","link":"https:\/\/revistatrend.com\/index.php\/2026\/04\/29\/shperthen-romanca-ne-ferme-ndodh-puthja-e-pare-mes-vaneses-dhe-indrit\/","title":{"rendered":"Shp\u00ebrthen romanca n\u00eb ferm\u00eb! Ndodh puthja e par\u00eb mes Vanes\u00ebs dhe Indrit"},"content":{"rendered":"<p>Pas disa ulje-ngritjeve n\u00eb raportin e tyre, duket se Vanesa dhe Indri kan\u00eb konsoliduar marr\u00ebdh\u00ebnien mbr\u00ebmjen e djeshme me nj\u00eb puthje pasionante.<\/p>\n<p>Dyshja, e cila prej nj\u00eb muaji q\u00ebndron n\u00eb ferm\u00eb, ka qen\u00eb prej koh\u00ebsh n\u00eb qend\u00ebr t\u00eb v\u00ebmendjes, si brenda sht\u00ebpis\u00eb ashtu edhe jasht\u00eb saj. Fillimisht, marr\u00ebdh\u00ebnia e tyre u perceptua si miq\u00ebsi, por me kalimin e koh\u00ebs ajo evoluoi n\u00eb ndjenja m\u00eb t\u00eb thella. Kjo b\u00ebri q\u00eb k\u00ebng\u00ebtarja t\u00eb nd\u00ebrpres\u00eb edhe lidhjen q\u00eb kishte jasht\u00eb, p\u00ebr shkak t\u00eb ndjenjave ndaj aktorit 36-vje\u00e7ar.<\/p>\n<p>N\u00eb fillim, ai u shfaq i pasigurt dhe i t\u00ebrhequr, duke u distancuar p\u00ebr shkak t\u00eb ndarjes s\u00eb tij t\u00eb fundit dhe p\u00ebrgjegj\u00ebsive familjare, ve\u00e7an\u00ebrisht ndaj djalit t\u00eb tij. Megjithat\u00eb, ky hezitim nuk zgjati shum\u00eb. \u00c7ifti nuk arriti t\u2019i rezistoj\u00eb nj\u00ebri-tjetrit dhe q\u00eb nga mbr\u00ebmja e djeshme, momentet romantike dhe puthjet mes tyre nuk kan\u00eb munguar.<\/p>\n<div class=\"kodiim\" data-mce-contenteditable=\"false\"><iframe id=\"instagram-embed-0\" class=\"instagram-media instagram-media-rendered\" src=\"https:\/\/www.instagram.com\/reel\/DXsakEcj3Ww\/embed\/captioned\/?cr=1&amp;v=14&amp;wp=540&amp;rd=https%3A%2F%2Fbordo.al&amp;rp=%2Fcelebrity%2Fshperthen-romanca-ne-ferme-ndodh-puthja-e-pare-mes-vaneses-dhe-indrit-i108200#%7B%22ci%22%3A0%2C%22os%22%3A1008.6999999880791%2C%22ls%22%3A258%2C%22le%22%3A791.8999999761581%7D\" height=\"969\" frameborder=\"0\" scrolling=\"no\" allowfullscreen=\"allowfullscreen\" data-instgrm-payload-id=\"instagram-media-payload-0\" data-mce-fragment=\"1\"><\/iframe><\/div>\n<p>Puthja \u00ebsht\u00eb komentuar gjer\u00ebsisht si brenda sht\u00ebpis\u00eb s\u00eb spektaklit, ashtu edhe n\u00eb rrjetet sociale, duke rritur ndjesh\u00ebm interesin e publikut p\u00ebr zhvillimet dhe marr\u00ebdh\u00ebniet mes banor\u00ebve.<\/p>\n","protected":false},"excerpt":{"rendered":"<p>Pas disa ulje-ngritjeve n\u00eb raportin e tyre, duket se Vanesa dhe Indri kan\u00eb konsoliduar marr\u00ebdh\u00ebnien mbr\u00ebmjen e djeshme me nj\u00eb puthje pasionante. Dyshja, e cila prej nj\u00eb muaji q\u00ebndron n\u00eb ferm\u00eb, ka qen\u00eb prej koh\u00ebsh n\u00eb qend\u00ebr t\u00eb v\u00ebmendjes, si brenda sht\u00ebpis\u00eb ashtu edhe jasht\u00eb saj. Fillimisht, marr\u00ebdh\u00ebnia e tyre u perceptua si miq\u00ebsi, por<\/p>\n","protected":false},"author":1,"featured_media":15628,"comment_status":"open","ping_status":"open","sticky":false,"template":"","format":"standard","meta":{"footnotes":""},"categories":[10],"tags":[],"class_list":{"0":"post-15627","1":"post","2":"type-post","3":"status-publish","4":"format-standard","5":"has-post-thumbnail","7":"category-showbiz"},"_links":{"self":[{"href":"https:\/\/revistatrend.com\/index.php\/wp-json\/wp\/v2\/posts\/15627","targetHints":{"allow":["GET"]}}],"collection":[{"href":"https:\/\/revistatrend.com\/index.php\/wp-json\/wp\/v2\/posts"}],"about":[{"href":"https:\/\/revistatrend.com\/index.php\/wp-json\/wp\/v2\/types\/post"}],"author":[{"embeddable":true,"href":"https:\/\/revistatrend.com\/index.php\/wp-json\/wp\/v2\/users\/1"}],"replies":[{"embeddable":true,"href":"https:\/\/revistatrend.com\/index.php\/wp-json\/wp\/v2\/comments?post=15627"}],"version-history":[{"count":1,"href":"https:\/\/revistatrend.com\/index.php\/wp-json\/wp\/v2\/posts\/15627\/revisions"}],"predecessor-version":[{"id":15629,"href":"https:\/\/revistatrend.com\/index.php\/wp-json\/wp\/v2\/posts\/15627\/revisions\/15629"}],"wp:featuredmedia":[{"embeddable":true,"href":"https:\/\/revistatrend.com\/index.php\/wp-json\/wp\/v2\/media\/15628"}],"wp:attachment":[{"href":"https:\/\/revistatrend.com\/index.php\/wp-json\/wp\/v2\/media?parent=15627"}],"wp:term":[{"taxonomy":"category","embeddable":true,"href":"https:\/\/revistatrend.com\/index.php\/wp-json\/wp\/v2\/categories?post=15627"},{"taxonomy":"post_tag","embeddable":true,"href":"https:\/\/revistatrend.com\/index.php\/wp-json\/wp\/v2\/tags?post=15627"}],"curies":[{"name":"wp","href":"https:\/\/api.w.org\/{rel}","templated":true}]}}