{"id":15648,"date":"2026-04-29T20:06:37","date_gmt":"2026-04-29T20:06:37","guid":{"rendered":"https:\/\/revistatrend.com\/?p=15648"},"modified":"2026-04-29T20:06:37","modified_gmt":"2026-04-29T20:06:37","slug":"foto-mamaja-e-mirit-feston-sot-ditelindjen-artisti-i-ben-dedikimin-e-vecante","status":"publish","type":"post","link":"https:\/\/revistatrend.com\/index.php\/2026\/04\/29\/foto-mamaja-e-mirit-feston-sot-ditelindjen-artisti-i-ben-dedikimin-e-vecante\/","title":{"rendered":"FOTO\/ Mamaja e Mirit feston sot dit\u00eblindjen, artisti i b\u00ebn dedikimin e ve\u00e7ant\u00eb"},"content":{"rendered":"<p>Mamaja e artistit nj\u00ebherazi dhe finalistit t\u00eb \u201cBig Brother VIP Albania 5\u201d Almir Shahini feston sot dit\u00eblindjen, e ky i fundit i ka b\u00ebr\u00eb nj\u00eb dedikim t\u00eb ve\u00e7ant\u00eb mbret\u00ebresh\u00ebs s\u00eb tij. N\u00eb nj\u00eb postim t\u00eb ndar\u00eb n\u00eb Instagramin e tij, Miri shkruan:\u00a0Sot mbret\u00ebresha ime, mami im ka dit\u00eblindjen dhe i uroj 1000 vite jet\u00eb.<\/p>\n<p>Q\u00eb me rrug\u00ebtimin e tij n\u00eb formatin televiziv \u201cBBVA5\u201d, Miri u vendos n\u00eb qend\u00ebr t\u00eb v\u00ebmendjes t\u00eb bot\u00ebs s\u00eb showbizit.<\/p>\n<p>Strategjia e loj\u00ebs q\u00eb ai ndoqi n\u00eb reality show, u komentua gjer\u00eb e gjat\u00eb n\u00eb rrjet, kryesisht p\u00ebr marr\u00ebdhn\u00ebien q\u00eb ai krijoi me Selinin, fituesen e k\u00ebtij edicioni.<\/p>\n<p>N\u00eb gar\u00eb \u201ckok\u00eb m\u00eb kok\u00eb\u201d me Selinin p\u00ebr t\u00eb rr\u00ebmbyer fitoren e \u201cBBVA5\u201d, Miri nuk arriti \u201cta mposht\u00eb\u201d dot rivalen e tij, ndaj ai mbeti n\u00eb vendin e dyt\u00eb n\u00eb finalen e Big Brotherit.<\/p>\n<p><img decoding=\"async\" src=\"https:\/\/cdnimpuls.com\/piranjat.al\/media3\/-640-0-1777489428x900-0-1777406122xwhatsapp-image-2026-04-28-at-94105-pm-319-237.jpeg\" alt=\"FOTO\/ Mamaja e Mirit feston sot dit\u00eblindjen, artisti i b\u00ebn dedikimin e\" width=\"100%\" data-size=\"x\" data-id=\"556613\" \/><\/p>\n","protected":false},"excerpt":{"rendered":"<p>Mamaja e artistit nj\u00ebherazi dhe finalistit t\u00eb \u201cBig Brother VIP Albania 5\u201d Almir Shahini feston sot dit\u00eblindjen, e ky i fundit i ka b\u00ebr\u00eb nj\u00eb dedikim t\u00eb ve\u00e7ant\u00eb mbret\u00ebresh\u00ebs s\u00eb tij. N\u00eb nj\u00eb postim t\u00eb ndar\u00eb n\u00eb Instagramin e tij, Miri shkruan:\u00a0Sot mbret\u00ebresha ime, mami im ka dit\u00eblindjen dhe i uroj 1000 vite jet\u00eb. Q\u00eb<\/p>\n","protected":false},"author":1,"featured_media":15649,"comment_status":"open","ping_status":"open","sticky":false,"template":"","format":"standard","meta":{"footnotes":""},"categories":[10],"tags":[],"class_list":{"0":"post-15648","1":"post","2":"type-post","3":"status-publish","4":"format-standard","5":"has-post-thumbnail","7":"category-showbiz"},"_links":{"self":[{"href":"https:\/\/revistatrend.com\/index.php\/wp-json\/wp\/v2\/posts\/15648","targetHints":{"allow":["GET"]}}],"collection":[{"href":"https:\/\/revistatrend.com\/index.php\/wp-json\/wp\/v2\/posts"}],"about":[{"href":"https:\/\/revistatrend.com\/index.php\/wp-json\/wp\/v2\/types\/post"}],"author":[{"embeddable":true,"href":"https:\/\/revistatrend.com\/index.php\/wp-json\/wp\/v2\/users\/1"}],"replies":[{"embeddable":true,"href":"https:\/\/revistatrend.com\/index.php\/wp-json\/wp\/v2\/comments?post=15648"}],"version-history":[{"count":1,"href":"https:\/\/revistatrend.com\/index.php\/wp-json\/wp\/v2\/posts\/15648\/revisions"}],"predecessor-version":[{"id":15650,"href":"https:\/\/revistatrend.com\/index.php\/wp-json\/wp\/v2\/posts\/15648\/revisions\/15650"}],"wp:featuredmedia":[{"embeddable":true,"href":"https:\/\/revistatrend.com\/index.php\/wp-json\/wp\/v2\/media\/15649"}],"wp:attachment":[{"href":"https:\/\/revistatrend.com\/index.php\/wp-json\/wp\/v2\/media?parent=15648"}],"wp:term":[{"taxonomy":"category","embeddable":true,"href":"https:\/\/revistatrend.com\/index.php\/wp-json\/wp\/v2\/categories?post=15648"},{"taxonomy":"post_tag","embeddable":true,"href":"https:\/\/revistatrend.com\/index.php\/wp-json\/wp\/v2\/tags?post=15648"}],"curies":[{"name":"wp","href":"https:\/\/api.w.org\/{rel}","templated":true}]}}