{"id":15657,"date":"2026-04-30T11:20:44","date_gmt":"2026-04-30T11:20:44","guid":{"rendered":"https:\/\/revistatrend.com\/?p=15657"},"modified":"2026-04-30T11:20:44","modified_gmt":"2026-04-30T11:20:44","slug":"kujt-i-ngjan-trev-einxhel-shkira-publikon-foton-qe-shuan-debatet-dhe-habit-ndjekesit","status":"publish","type":"post","link":"https:\/\/revistatrend.com\/index.php\/2026\/04\/30\/kujt-i-ngjan-trev-einxhel-shkira-publikon-foton-qe-shuan-debatet-dhe-habit-ndjekesit\/","title":{"rendered":"\u201cKujt i ngjan Trev?\u201d Einxhel Shkira publikon foton q\u00eb \u2018shuan\u2019 debatet dhe habit ndjek\u00ebsit"},"content":{"rendered":"<p>Dilema klasike n\u00eb \u00e7do familje shqiptare se kujt i ngjan m\u00eb shum\u00eb nj\u00eb f\u00ebmij\u00eb, mamit apo babit duket se ka marr\u00eb nj\u00eb p\u00ebrgjigje t\u00eb qart\u00eb n\u00eb rastin e Einxhel Shkir\u00ebs.<\/p>\n<p>Ish-banorja e \u201cBig Brother\u201d dhe nj\u00eb nga figurat m\u00eb t\u00eb ndjekura n\u00eb rrjetet sociale vazhdon t\u00eb ndaj\u00eb shpesh momente nga p\u00ebrditshm\u00ebria e saj familjare, duke i mbajtur ndjek\u00ebsit pran\u00eb \u00e7do etape t\u00eb jet\u00ebs s\u00eb saj si n\u00ebn\u00eb. S\u00eb fundmi, ajo ka publikuar nj\u00eb Instastory mjaft t\u00eb ve\u00e7ant\u00eb, q\u00eb jo vet\u00ebm ka t\u00ebrhequr v\u00ebmendje, por edhe ka \u201cmbyllur\u201d me humor nj\u00eb debat t\u00eb p\u00ebrhersh\u00ebm.<\/p>\n<p>N\u00eb postimin e saj, Einxhel ka vendosur p\u00ebrball\u00eb nj\u00ebra-tjetr\u00ebs dy foto: n\u00eb nj\u00ebr\u00ebn an\u00eb djalin e saj t\u00eb madh, Trev dhe n\u00eb an\u00ebn tjet\u00ebr nj\u00eb foto t\u00eb saj nga f\u00ebmij\u00ebria. Ngjashm\u00ebria mes tyre \u00ebsht\u00eb aq e dukshme, sa duket sikur jan\u00eb i nj\u00ebjti person n\u00eb dy koh\u00eb t\u00eb ndryshme.<\/p>\n<p>P\u00ebr ta b\u00ebr\u00eb edhe m\u00eb t\u00eb qart\u00eb \u201cmesazhin\u201d, ajo e ka shoq\u00ebruar kolazhin me nj\u00eb mbishkrim plot humor:\u00a0\u201cKur thon\u00eb q\u00eb Trev i ngjan babit\u201d, duke n\u00ebnkuptuar se i vogli ka trash\u00ebguar duksh\u00ebm tiparet e saj.<\/p>\n<p><img decoding=\"async\" src=\"https:\/\/cdnimpuls.com\/piranjat.al\/media3\/-640-0-1777543057x900-0-1777541063xwhatsapp-image-2026-04-30-at-093947-e1777535000372-932-363.jpeg\" alt=\"\u201cKujt i ngjan Trev?\u201d Einxhel Shkira publikon foton q\u00eb\" width=\"100%\" data-size=\"x\" data-id=\"556733\" \/><\/p>\n<p>Einxhel dhe DJ Dagz, prej koh\u00ebsh kan\u00eb krijuar nj\u00eb familje t\u00eb konsoliduar dhe jan\u00eb prind\u00ebr t\u00eb dy djemve, Trev dhe Kres. Edhe pse diskutimet p\u00ebr ngjashm\u00ebrit\u00eb jan\u00eb pjes\u00eb e \u00e7do familjeje, duket se me k\u00ebt\u00eb postim t\u00eb fundit, Einxhel ka dh\u00ebn\u00eb nj\u00eb p\u00ebrgjigje p\u00ebrfundimtare t\u00eb pakt\u00ebn p\u00ebr djalin e madh.<\/p>\n","protected":false},"excerpt":{"rendered":"<p>Dilema klasike n\u00eb \u00e7do familje shqiptare se kujt i ngjan m\u00eb shum\u00eb nj\u00eb f\u00ebmij\u00eb, mamit apo babit duket se ka marr\u00eb nj\u00eb p\u00ebrgjigje t\u00eb qart\u00eb n\u00eb rastin e Einxhel Shkir\u00ebs. Ish-banorja e \u201cBig Brother\u201d dhe nj\u00eb nga figurat m\u00eb t\u00eb ndjekura n\u00eb rrjetet sociale vazhdon t\u00eb ndaj\u00eb shpesh momente nga p\u00ebrditshm\u00ebria e saj familjare, duke<\/p>\n","protected":false},"author":1,"featured_media":15658,"comment_status":"open","ping_status":"open","sticky":false,"template":"","format":"standard","meta":{"footnotes":""},"categories":[10],"tags":[],"class_list":{"0":"post-15657","1":"post","2":"type-post","3":"status-publish","4":"format-standard","5":"has-post-thumbnail","7":"category-showbiz"},"_links":{"self":[{"href":"https:\/\/revistatrend.com\/index.php\/wp-json\/wp\/v2\/posts\/15657","targetHints":{"allow":["GET"]}}],"collection":[{"href":"https:\/\/revistatrend.com\/index.php\/wp-json\/wp\/v2\/posts"}],"about":[{"href":"https:\/\/revistatrend.com\/index.php\/wp-json\/wp\/v2\/types\/post"}],"author":[{"embeddable":true,"href":"https:\/\/revistatrend.com\/index.php\/wp-json\/wp\/v2\/users\/1"}],"replies":[{"embeddable":true,"href":"https:\/\/revistatrend.com\/index.php\/wp-json\/wp\/v2\/comments?post=15657"}],"version-history":[{"count":1,"href":"https:\/\/revistatrend.com\/index.php\/wp-json\/wp\/v2\/posts\/15657\/revisions"}],"predecessor-version":[{"id":15659,"href":"https:\/\/revistatrend.com\/index.php\/wp-json\/wp\/v2\/posts\/15657\/revisions\/15659"}],"wp:featuredmedia":[{"embeddable":true,"href":"https:\/\/revistatrend.com\/index.php\/wp-json\/wp\/v2\/media\/15658"}],"wp:attachment":[{"href":"https:\/\/revistatrend.com\/index.php\/wp-json\/wp\/v2\/media?parent=15657"}],"wp:term":[{"taxonomy":"category","embeddable":true,"href":"https:\/\/revistatrend.com\/index.php\/wp-json\/wp\/v2\/categories?post=15657"},{"taxonomy":"post_tag","embeddable":true,"href":"https:\/\/revistatrend.com\/index.php\/wp-json\/wp\/v2\/tags?post=15657"}],"curies":[{"name":"wp","href":"https:\/\/api.w.org\/{rel}","templated":true}]}}