{"id":15660,"date":"2026-04-30T11:33:33","date_gmt":"2026-04-30T11:33:33","guid":{"rendered":"https:\/\/revistatrend.com\/?p=15660"},"modified":"2026-04-30T11:33:33","modified_gmt":"2026-04-30T11:33:33","slug":"video-mateo-feston-ditelindjen-brikena-uron-ish-banorin-e-bbvip-u-rritshim-bashke","status":"publish","type":"post","link":"https:\/\/revistatrend.com\/index.php\/2026\/04\/30\/video-mateo-feston-ditelindjen-brikena-uron-ish-banorin-e-bbvip-u-rritshim-bashke\/","title":{"rendered":"VIDEO\/ Mateo feston dit\u00eblindjen, Brikena uron ish-banorin e BBVIP: U rritshim bashk\u00eb"},"content":{"rendered":"<p>Finalisti i \u201cBBVA5\u201d Mateo feston sot dit\u00eblindjene tij, nd\u00ebrsa ajo q\u00eb ka t\u00ebrhequ v\u00ebmendjen n\u00eb rrjet \u00ebsht\u00eb surpriza dhe urimi i ngroht\u00eb q\u00eb ai ka marr\u00eb nga Brikena.<\/p>\n<p>\u201cU rritshim bashk\u00eb\u201d\u00a0shkroi Brikena krah videos ku ajo shfaqet me Mateon t\u00eb cilin e ka surprizuar me nj\u00eb surpriz\u00eb t\u00eb ve\u00e7ant\u00eb.<\/p>\n<p>Nj\u00eb vil\u00eb e mbushur me tullumbace dhe atmosfer\u00eb festive dhe urimi i ve\u00e7ant\u00eb q\u00eb ka marr\u00eb nga partnerja e tij e kan\u00eb p\u00ebrlotur finalistin e \u201cBBVA5\u201d. T\u00eb lumtur krah nj\u00ebri-tjetrit, dyshja vijon t\u00eb shijoj\u00eb dashurin\u00eb e tyre dhe pas mbarimit t\u00eb formatit televiziv \u201cBg Brother Vip Albania 5\u201d ku ata ishin pjes\u00eb.<\/p>\n<p>Me l\u00ebvizjet e tyre t\u00eb fundit dyshja tregon se ata jan\u00eb t\u00eb lumtur me nj\u00ebri-tjetrin dhe komentet e njer\u00ebzve jan\u00eb \u201cpavler\u00eb\u201d p\u00ebrball\u00eb dashuris\u00eb s\u00eb tyre.<\/p>\n<div style=\"width: 720px;\" class=\"wp-video\"><video class=\"wp-video-shortcode\" id=\"video-15660-1\" width=\"720\" height=\"1106\" preload=\"metadata\" controls=\"controls\"><source type=\"video\/mp4\" src=\"https:\/\/revistatrend.com\/wp-content\/uploads\/2026\/04\/SaveClip.App_AQOEPutcQGn47vhzgYjCRhNjSKhWITLVbnZg6py6YdQO8n-2j5DOuC9h4ZTe3-_47riFRaLO3-lQ5osf5jrmgsbZQZE875zvyYWMASc-online-video-cutter.com_.mp4?_=1\" \/><a href=\"https:\/\/revistatrend.com\/wp-content\/uploads\/2026\/04\/SaveClip.App_AQOEPutcQGn47vhzgYjCRhNjSKhWITLVbnZg6py6YdQO8n-2j5DOuC9h4ZTe3-_47riFRaLO3-lQ5osf5jrmgsbZQZE875zvyYWMASc-online-video-cutter.com_.mp4\">https:\/\/revistatrend.com\/wp-content\/uploads\/2026\/04\/SaveClip.App_AQOEPutcQGn47vhzgYjCRhNjSKhWITLVbnZg6py6YdQO8n-2j5DOuC9h4ZTe3-_47riFRaLO3-lQ5osf5jrmgsbZQZE875zvyYWMASc-online-video-cutter.com_.mp4<\/a><\/video><\/div>\n","protected":false},"excerpt":{"rendered":"<p>Finalisti i \u201cBBVA5\u201d Mateo feston sot dit\u00eblindjene tij, nd\u00ebrsa ajo q\u00eb ka t\u00ebrhequ v\u00ebmendjen n\u00eb rrjet \u00ebsht\u00eb surpriza dhe urimi i ngroht\u00eb q\u00eb ai ka marr\u00eb nga Brikena. \u201cU rritshim bashk\u00eb\u201d\u00a0shkroi Brikena krah videos ku ajo shfaqet me Mateon t\u00eb cilin e ka surprizuar me nj\u00eb surpriz\u00eb t\u00eb ve\u00e7ant\u00eb. Nj\u00eb vil\u00eb e mbushur me tullumbace<\/p>\n","protected":false},"author":1,"featured_media":15662,"comment_status":"open","ping_status":"open","sticky":false,"template":"","format":"standard","meta":{"footnotes":""},"categories":[10],"tags":[],"class_list":{"0":"post-15660","1":"post","2":"type-post","3":"status-publish","4":"format-standard","5":"has-post-thumbnail","7":"category-showbiz"},"_links":{"self":[{"href":"https:\/\/revistatrend.com\/index.php\/wp-json\/wp\/v2\/posts\/15660","targetHints":{"allow":["GET"]}}],"collection":[{"href":"https:\/\/revistatrend.com\/index.php\/wp-json\/wp\/v2\/posts"}],"about":[{"href":"https:\/\/revistatrend.com\/index.php\/wp-json\/wp\/v2\/types\/post"}],"author":[{"embeddable":true,"href":"https:\/\/revistatrend.com\/index.php\/wp-json\/wp\/v2\/users\/1"}],"replies":[{"embeddable":true,"href":"https:\/\/revistatrend.com\/index.php\/wp-json\/wp\/v2\/comments?post=15660"}],"version-history":[{"count":1,"href":"https:\/\/revistatrend.com\/index.php\/wp-json\/wp\/v2\/posts\/15660\/revisions"}],"predecessor-version":[{"id":15663,"href":"https:\/\/revistatrend.com\/index.php\/wp-json\/wp\/v2\/posts\/15660\/revisions\/15663"}],"wp:featuredmedia":[{"embeddable":true,"href":"https:\/\/revistatrend.com\/index.php\/wp-json\/wp\/v2\/media\/15662"}],"wp:attachment":[{"href":"https:\/\/revistatrend.com\/index.php\/wp-json\/wp\/v2\/media?parent=15660"}],"wp:term":[{"taxonomy":"category","embeddable":true,"href":"https:\/\/revistatrend.com\/index.php\/wp-json\/wp\/v2\/categories?post=15660"},{"taxonomy":"post_tag","embeddable":true,"href":"https:\/\/revistatrend.com\/index.php\/wp-json\/wp\/v2\/tags?post=15660"}],"curies":[{"name":"wp","href":"https:\/\/api.w.org\/{rel}","templated":true}]}}