{"id":15664,"date":"2026-04-30T11:44:01","date_gmt":"2026-04-30T11:44:01","guid":{"rendered":"https:\/\/revistatrend.com\/?p=15664"},"modified":"2026-04-30T11:44:01","modified_gmt":"2026-04-30T11:44:01","slug":"video-fabjola-thyen-rregullin-e-familjes-afrohet-serish-me-adionin-ne-ferma-vip-3","status":"publish","type":"post","link":"https:\/\/revistatrend.com\/index.php\/2026\/04\/30\/video-fabjola-thyen-rregullin-e-familjes-afrohet-serish-me-adionin-ne-ferma-vip-3\/","title":{"rendered":"VIDEO\/ Fabjola thyen \u201crregullin e familjes\u201d, afrohet s\u00ebrish me Adionin n\u00eb Ferma VIP 3"},"content":{"rendered":"<p>Edhe pse m\u00eb her\u00ebt, gjat\u00eb q\u00ebndrimit n\u00eb spektaklin \u201cFerma VIP 3\u201d, konkurrentja Fabjola kishte marr\u00eb nj\u00eb mesazh t\u00eb drejtp\u00ebrdrejt\u00eb nga v\u00ebllai i saj gjat\u00eb \u201cPrime\u201d-it t\u00eb s\u00eb premtes, ku i k\u00ebrkohej q\u00eb t\u00eb mos krijonte lidhje romantike brenda formatit, duket se ajo nuk i ka q\u00ebndruar gjat\u00eb k\u00ebtij q\u00ebndrimi.<\/p>\n<p>Gjat\u00eb mbr\u00ebmjes s\u00eb djeshme, Fabjola \u00ebsht\u00eb par\u00eb n\u00eb momente t\u00eb af\u00ebrta me fermerin Adion, duke t\u00ebrhequr menj\u00ebher\u00eb v\u00ebmendjen e publikut dhe duke nxitur reagime t\u00eb shumta n\u00eb rrjetet sociale.<\/p>\n<p>Pamjet e publikuara n\u00eb faqen zyrtare t\u00eb spektaklit tregojn\u00eb Fabjol\u00ebn pran\u00eb shtratit t\u00eb Adionit, ku ajo shihet duke e ledhatuar, nj\u00eb sken\u00eb q\u00eb \u00ebsht\u00eb interpretuar nga ndjek\u00ebsit si nj\u00eb shenj\u00eb e qart\u00eb e afrimitetit mes tyre.<\/p>\n<p>Kjo dinamik\u00eb e re ka ndar\u00eb opinionin publik, me nj\u00eb pjes\u00eb t\u00eb fansave q\u00eb e shohin si fillimin e nj\u00eb romance brenda ferm\u00ebs, nd\u00ebrsa t\u00eb tjer\u00eb e kritikojn\u00eb p\u00ebr mosrespektimin e k\u00ebshill\u00ebs familjare.<\/p>\n<p>M\u00eb her\u00ebt \u00ebsht\u00eb diskutuar edhe p\u00ebr nj\u00eb situat\u00eb ku Fabjola \u00ebsht\u00eb shprehur: \u201cNe t\u00eb dy nuk mund t\u00eb vazhdojm\u00eb\u201d, duke l\u00ebn\u00eb t\u00eb kuptohet se ka pasur tensione mes saj dhe Adionit, si dhe presion nga jasht\u00eb formatit.<\/p>\n<p>Ende nuk dihet se si do t\u00eb zhvillohet marr\u00ebdh\u00ebnia mes tyre n\u00eb dit\u00ebt n\u00eb vijim, por nj\u00eb gj\u00eb \u00ebsht\u00eb e sigurt: Fabjola dhe Adion jan\u00eb kthyer n\u00eb nj\u00eb nga \u00e7iftet m\u00eb t\u00eb p\u00ebrfolura t\u00eb k\u00ebtij edicioni, duke mbajtur publikun t\u00eb angazhuar me \u00e7do l\u00ebvizje t\u00eb tyre brenda ferm\u00ebs.<\/p>\n<div class=\"kodiim\" data-mce-contenteditable=\"false\"><iframe id=\"instagram-embed-0\" class=\"instagram-media instagram-media-rendered\" src=\"https:\/\/www.instagram.com\/reel\/DXujbT3D_kC\/embed\/captioned\/?cr=1&amp;v=14&amp;wp=540&amp;rd=https%3A%2F%2Fpiranjat.al&amp;rp=%2Fshowbiz%2Fvideo-fabjola-thyen-rregullin-e-familjes-afrohet-serish-me-adionin-ne-fe-i83923#%7B%22ci%22%3A0%2C%22os%22%3A290.80000001192093%2C%22ls%22%3A127.90000000596046%2C%22le%22%3A149.30000001192093%7D\" height=\"969\" frameborder=\"0\" scrolling=\"no\" allowfullscreen=\"allowfullscreen\" data-instgrm-payload-id=\"instagram-media-payload-0\" data-mce-fragment=\"1\"><\/iframe><\/div>\n","protected":false},"excerpt":{"rendered":"<p>Edhe pse m\u00eb her\u00ebt, gjat\u00eb q\u00ebndrimit n\u00eb spektaklin \u201cFerma VIP 3\u201d, konkurrentja Fabjola kishte marr\u00eb nj\u00eb mesazh t\u00eb drejtp\u00ebrdrejt\u00eb nga v\u00ebllai i saj gjat\u00eb \u201cPrime\u201d-it t\u00eb s\u00eb premtes, ku i k\u00ebrkohej q\u00eb t\u00eb mos krijonte lidhje romantike brenda formatit, duket se ajo nuk i ka q\u00ebndruar gjat\u00eb k\u00ebtij q\u00ebndrimi. Gjat\u00eb mbr\u00ebmjes s\u00eb djeshme, Fabjola \u00ebsht\u00eb<\/p>\n","protected":false},"author":1,"featured_media":15665,"comment_status":"open","ping_status":"open","sticky":false,"template":"","format":"standard","meta":{"footnotes":""},"categories":[10],"tags":[],"class_list":{"0":"post-15664","1":"post","2":"type-post","3":"status-publish","4":"format-standard","5":"has-post-thumbnail","7":"category-showbiz"},"_links":{"self":[{"href":"https:\/\/revistatrend.com\/index.php\/wp-json\/wp\/v2\/posts\/15664","targetHints":{"allow":["GET"]}}],"collection":[{"href":"https:\/\/revistatrend.com\/index.php\/wp-json\/wp\/v2\/posts"}],"about":[{"href":"https:\/\/revistatrend.com\/index.php\/wp-json\/wp\/v2\/types\/post"}],"author":[{"embeddable":true,"href":"https:\/\/revistatrend.com\/index.php\/wp-json\/wp\/v2\/users\/1"}],"replies":[{"embeddable":true,"href":"https:\/\/revistatrend.com\/index.php\/wp-json\/wp\/v2\/comments?post=15664"}],"version-history":[{"count":1,"href":"https:\/\/revistatrend.com\/index.php\/wp-json\/wp\/v2\/posts\/15664\/revisions"}],"predecessor-version":[{"id":15666,"href":"https:\/\/revistatrend.com\/index.php\/wp-json\/wp\/v2\/posts\/15664\/revisions\/15666"}],"wp:featuredmedia":[{"embeddable":true,"href":"https:\/\/revistatrend.com\/index.php\/wp-json\/wp\/v2\/media\/15665"}],"wp:attachment":[{"href":"https:\/\/revistatrend.com\/index.php\/wp-json\/wp\/v2\/media?parent=15664"}],"wp:term":[{"taxonomy":"category","embeddable":true,"href":"https:\/\/revistatrend.com\/index.php\/wp-json\/wp\/v2\/categories?post=15664"},{"taxonomy":"post_tag","embeddable":true,"href":"https:\/\/revistatrend.com\/index.php\/wp-json\/wp\/v2\/tags?post=15664"}],"curies":[{"name":"wp","href":"https:\/\/api.w.org\/{rel}","templated":true}]}}