{"id":15670,"date":"2026-04-30T11:52:58","date_gmt":"2026-04-30T11:52:58","guid":{"rendered":"https:\/\/revistatrend.com\/?p=15670"},"modified":"2026-04-30T11:52:58","modified_gmt":"2026-04-30T11:52:58","slug":"kengetarja-italiane-nderpret-koncertin-perdor-maske-oksigjeni-perpara-8-mije-spektatoresh","status":"publish","type":"post","link":"https:\/\/revistatrend.com\/index.php\/2026\/04\/30\/kengetarja-italiane-nderpret-koncertin-perdor-maske-oksigjeni-perpara-8-mije-spektatoresh\/","title":{"rendered":"K\u00ebng\u00ebtarja italiane nd\u00ebrpret koncertin, p\u00ebrdor mask\u00eb oksigjeni p\u00ebrpara 8 mij\u00eb spektator\u00ebsh!"},"content":{"rendered":"<p>Laura Pausini, k\u00ebng\u00ebtarja e njohur italiane \u00ebsht\u00eb p\u00ebrballur me nj\u00eb situat\u00eb t\u00eb jo t\u00eb favorshme sh\u00ebndet\u00ebsore, duke u detyruar t\u00eb nd\u00ebrpres\u00eb p\u00ebrkoh\u00ebsisht performanc\u00ebn n\u00eb sken\u00eb gjat\u00eb nj\u00eb koncerti n\u00eb Ekuador.<\/p>\n<p>Ngjarja\u00a0 ka ndodhur p\u00ebrpara rreth 8 mij\u00eb spektator\u00ebve, ku k\u00ebng\u00ebtarja ka p\u00ebrdorur nj\u00eb mask\u00eb oksigjeni p\u00ebr shkak t\u00eb lodhjes. Gjat\u00eb koncertit, artistja ka ndj\u00ebr\u00eb v\u00ebshtir\u00ebsi n\u00eb frym\u00ebmarrje dhe\u00a0 ka vendosur t\u00eb ndalonte koncertin \u00a0p\u00ebr disa minuta, duke k\u00ebrkuar ndihm\u00eb mjek\u00ebsore n\u00eb sken\u00eb.<\/p>\n<p>Pusini nuk u t\u00ebrhoq prapa sken\u00ebs p\u00ebr t\u00eb marr\u00eb ndihm\u00ebn sh\u00ebnd\u00ebt\u00ebsore prapa sken\u00ebs, por zgjodhi transparenc\u00ebn, duke vendosi mask\u00ebn e oksigjenit p\u00ebrpara syrit t\u00eb publikut. Ylli italian e ka marr\u00eb me sportivitet situat\u00ebn ,duke e ulur tensionin e situat\u00ebs e krijuar me shaka, nd\u00ebrsa fansat e prit\u00ebn reagimin e saj \u00a0me duartrokitje dhe mb\u00ebshtetje. Videoja e momentit, \u00ebsht\u00eb filmuar nga t\u00eb pranishmit dhe ka b\u00ebr\u00eb xhiron n\u00eb rrjetet sociale. Ajo q\u00eb ra n\u00eb sy p\u00ebrpos situat\u00ebs jo fort t\u00eb zakont\u00eb, ishte aft\u00ebsia e Pausinit p\u00ebr t\u00eb ruajtur qet\u00ebsin\u00eb dhe menaxhuar me profesionaliz\u00ebm rastin ne fjal\u00eb.<\/p>\n","protected":false},"excerpt":{"rendered":"<p>Laura Pausini, k\u00ebng\u00ebtarja e njohur italiane \u00ebsht\u00eb p\u00ebrballur me nj\u00eb situat\u00eb t\u00eb jo t\u00eb favorshme sh\u00ebndet\u00ebsore, duke u detyruar t\u00eb nd\u00ebrpres\u00eb p\u00ebrkoh\u00ebsisht performanc\u00ebn n\u00eb sken\u00eb gjat\u00eb nj\u00eb koncerti n\u00eb Ekuador. Ngjarja\u00a0 ka ndodhur p\u00ebrpara rreth 8 mij\u00eb spektator\u00ebve, ku k\u00ebng\u00ebtarja ka p\u00ebrdorur nj\u00eb mask\u00eb oksigjeni p\u00ebr shkak t\u00eb lodhjes. Gjat\u00eb koncertit, artistja ka ndj\u00ebr\u00eb v\u00ebshtir\u00ebsi<\/p>\n","protected":false},"author":1,"featured_media":15671,"comment_status":"open","ping_status":"open","sticky":false,"template":"","format":"standard","meta":{"footnotes":""},"categories":[10],"tags":[],"class_list":{"0":"post-15670","1":"post","2":"type-post","3":"status-publish","4":"format-standard","5":"has-post-thumbnail","7":"category-showbiz"},"_links":{"self":[{"href":"https:\/\/revistatrend.com\/index.php\/wp-json\/wp\/v2\/posts\/15670","targetHints":{"allow":["GET"]}}],"collection":[{"href":"https:\/\/revistatrend.com\/index.php\/wp-json\/wp\/v2\/posts"}],"about":[{"href":"https:\/\/revistatrend.com\/index.php\/wp-json\/wp\/v2\/types\/post"}],"author":[{"embeddable":true,"href":"https:\/\/revistatrend.com\/index.php\/wp-json\/wp\/v2\/users\/1"}],"replies":[{"embeddable":true,"href":"https:\/\/revistatrend.com\/index.php\/wp-json\/wp\/v2\/comments?post=15670"}],"version-history":[{"count":1,"href":"https:\/\/revistatrend.com\/index.php\/wp-json\/wp\/v2\/posts\/15670\/revisions"}],"predecessor-version":[{"id":15672,"href":"https:\/\/revistatrend.com\/index.php\/wp-json\/wp\/v2\/posts\/15670\/revisions\/15672"}],"wp:featuredmedia":[{"embeddable":true,"href":"https:\/\/revistatrend.com\/index.php\/wp-json\/wp\/v2\/media\/15671"}],"wp:attachment":[{"href":"https:\/\/revistatrend.com\/index.php\/wp-json\/wp\/v2\/media?parent=15670"}],"wp:term":[{"taxonomy":"category","embeddable":true,"href":"https:\/\/revistatrend.com\/index.php\/wp-json\/wp\/v2\/categories?post=15670"},{"taxonomy":"post_tag","embeddable":true,"href":"https:\/\/revistatrend.com\/index.php\/wp-json\/wp\/v2\/tags?post=15670"}],"curies":[{"name":"wp","href":"https:\/\/api.w.org\/{rel}","templated":true}]}}