{"id":16621,"date":"2026-08-31T13:58:51","date_gmt":"2026-08-31T13:58:51","guid":{"rendered":"https:\/\/revistatrend.com\/?p=16621"},"modified":"2026-08-31T13:58:51","modified_gmt":"2026-08-31T13:58:51","slug":"anjeza-shahini-rikthehet-pas-ne-kohe-publikon-videon-e-vitit-2012-dhe-ben-autokritike","status":"publish","type":"post","link":"https:\/\/revistatrend.com\/index.php\/2026\/08\/31\/anjeza-shahini-rikthehet-pas-ne-kohe-publikon-videon-e-vitit-2012-dhe-ben-autokritike\/","title":{"rendered":"Anjeza Shahini rikthehet pas n\u00eb koh\u00eb, publikon videon e vitit 2012 dhe b\u00ebn autokritik\u00eb"},"content":{"rendered":"<p>K\u00ebng\u00ebtarja e njohur shqiptare, Anjeza Shahini, ka ndar\u00eb me ndjek\u00ebsit nj\u00eb kujtim nga e kaluara, duke sjell\u00eb n\u00eb v\u00ebmendje nj\u00eb video t\u00eb realizuar n\u00eb vitin 2012.<\/p>\n<p>N\u00eb pamjet e publikuara n\u00eb rrjetet sociale, artistja shfaqet duke interpretuar k\u00ebng\u00ebn \u201cI Want to Know What Love Is\u201d, nd\u00ebrsa ka shoq\u00ebruar videon me nj\u00eb mesazh nostalgjik.<\/p>\n<p>Shahini \u00ebsht\u00eb shprehur mir\u00ebnjoh\u00ebse p\u00ebr rrug\u00ebtimin e saj dhe p\u00ebr mund\u00ebsin\u00eb q\u00eb ka pasur t\u00eb b\u00ebj\u00eb at\u00eb q\u00eb ka dashur n\u00eb periudha t\u00eb ndryshme t\u00eb jet\u00ebs.<\/p>\n<p>Me humor, k\u00ebng\u00ebtarja ka b\u00ebr\u00eb edhe nj\u00eb autokritik\u00eb p\u00ebr m\u00ebnyr\u00ebn se si p\u00ebrshtatte l\u00ebvizjet e buz\u00ebve me k\u00ebng\u00ebn.<\/p>\n<p>\u201cKa kaluar ca koh\u00eb q\u00eb kur kam ndar\u00eb nj\u00eb kujtim t\u00eb vjet\u00ebr&#8230; Kjo \u00ebsht\u00eb nga viti 2012. Po ju tregoj njer\u00ebz se koha ec\u00ebn shum\u00eb shpejt. Jam shum\u00eb e bekuar q\u00eb kam b\u00ebr\u00eb at\u00eb q\u00eb kam dashur, at\u00ebher\u00eb kur kam dashur. PS: Duhet ta pranoj q\u00eb isha mjaft e keqe n\u00eb lip syncing\u201d, ka shkruar ajo.<\/p>\n<p>Postimi ka rikthyer k\u00ebshtu nj\u00eb moment t\u00eb hersh\u00ebm t\u00eb karrier\u00ebs s\u00eb Anjeza Shahinit, e cila vijon t\u00eb mbetet nj\u00eb prej emrave t\u00eb njohur t\u00eb muzik\u00ebs shqiptare<strong>.<\/strong><\/p>\n","protected":false},"excerpt":{"rendered":"<p>K\u00ebng\u00ebtarja e njohur shqiptare, Anjeza Shahini, ka ndar\u00eb me ndjek\u00ebsit nj\u00eb kujtim nga e kaluara, duke sjell\u00eb n\u00eb v\u00ebmendje nj\u00eb video t\u00eb realizuar n\u00eb vitin 2012. N\u00eb pamjet e publikuara n\u00eb rrjetet sociale, artistja shfaqet duke interpretuar k\u00ebng\u00ebn \u201cI Want to Know What Love Is\u201d, nd\u00ebrsa ka shoq\u00ebruar videon me nj\u00eb mesazh nostalgjik. Shahini \u00ebsht\u00eb<\/p>\n","protected":false},"author":1,"featured_media":16622,"comment_status":"open","ping_status":"open","sticky":false,"template":"","format":"standard","meta":{"footnotes":""},"categories":[10],"tags":[],"class_list":{"0":"post-16621","1":"post","2":"type-post","3":"status-publish","4":"format-standard","5":"has-post-thumbnail","7":"category-showbiz"},"_links":{"self":[{"href":"https:\/\/revistatrend.com\/index.php\/wp-json\/wp\/v2\/posts\/16621","targetHints":{"allow":["GET"]}}],"collection":[{"href":"https:\/\/revistatrend.com\/index.php\/wp-json\/wp\/v2\/posts"}],"about":[{"href":"https:\/\/revistatrend.com\/index.php\/wp-json\/wp\/v2\/types\/post"}],"author":[{"embeddable":true,"href":"https:\/\/revistatrend.com\/index.php\/wp-json\/wp\/v2\/users\/1"}],"replies":[{"embeddable":true,"href":"https:\/\/revistatrend.com\/index.php\/wp-json\/wp\/v2\/comments?post=16621"}],"version-history":[{"count":1,"href":"https:\/\/revistatrend.com\/index.php\/wp-json\/wp\/v2\/posts\/16621\/revisions"}],"predecessor-version":[{"id":16623,"href":"https:\/\/revistatrend.com\/index.php\/wp-json\/wp\/v2\/posts\/16621\/revisions\/16623"}],"wp:featuredmedia":[{"embeddable":true,"href":"https:\/\/revistatrend.com\/index.php\/wp-json\/wp\/v2\/media\/16622"}],"wp:attachment":[{"href":"https:\/\/revistatrend.com\/index.php\/wp-json\/wp\/v2\/media?parent=16621"}],"wp:term":[{"taxonomy":"category","embeddable":true,"href":"https:\/\/revistatrend.com\/index.php\/wp-json\/wp\/v2\/categories?post=16621"},{"taxonomy":"post_tag","embeddable":true,"href":"https:\/\/revistatrend.com\/index.php\/wp-json\/wp\/v2\/tags?post=16621"}],"curies":[{"name":"wp","href":"https:\/\/api.w.org\/{rel}","templated":true}]}}