{"id":16624,"date":"2026-08-31T14:00:18","date_gmt":"2026-08-31T14:00:18","guid":{"rendered":"https:\/\/revistatrend.com\/?p=16624"},"modified":"2026-08-31T14:00:18","modified_gmt":"2026-08-31T14:00:18","slug":"kater-vite-pas-njohjes-mateo-rikthehet-te-familja-e-brikenes-kete-here-si-partneri-i-saj","status":"publish","type":"post","link":"https:\/\/revistatrend.com\/index.php\/2026\/08\/31\/kater-vite-pas-njohjes-mateo-rikthehet-te-familja-e-brikenes-kete-here-si-partneri-i-saj\/","title":{"rendered":"Kat\u00ebr vite pas njohjes, Mateo rikthehet te familja e Briken\u00ebs\/ K\u00ebt\u00eb her\u00eb si partneri i saj"},"content":{"rendered":"<p>Brikena Selmani dhe Mateo Borri duket se po shijojn\u00eb nj\u00eb periudh\u00eb m\u00eb t\u00eb qet\u00eb n\u00eb marr\u00ebdh\u00ebnien e tyre, pas disa ulje-ngritjeve q\u00eb kan\u00eb shoq\u00ebruar lidhjen e tyre muajt e fundit.<\/p>\n<p>S\u00eb fundmi, Brikena ishte e pranishme n\u00eb nj\u00eb ceremoni familjare, ku u martua djali i tezes s\u00eb saj. Mes t\u00eb ftuarve ishte edhe Mateo, duke u shfaqur pran\u00eb familjes s\u00eb saj si partneri i Briken\u00ebs.<\/p>\n<p>Prania e tij merr nj\u00eb tjet\u00ebr r\u00ebnd\u00ebsi p\u00ebr shkak t\u00eb historis\u00eb q\u00eb dyshja ka treguar m\u00eb her\u00ebt. Gjat\u00eb Big Brother VIP Albania 5, Brikena dhe Mateo zbuluan se njiheshin prej rreth kat\u00ebr vitesh, por n\u00eb at\u00eb periudh\u00eb marr\u00ebdh\u00ebnia e tyre nuk kishte avancuar, pasi nj\u00eb takim mes tyre nuk ishte realizuar p\u00ebr shkak t\u00eb nd\u00ebrhyrjes s\u00eb familjar\u00ebve t\u00eb Briken\u00ebs.<\/p>\n<p>Megjithat\u00eb, gjith\u00e7ka ndryshoi gjat\u00eb q\u00ebndrimit t\u00eb tyre n\u00eb sht\u00ebpin\u00eb e reality show-t. Afrimiteti mes tyre u shtua dhe Mateo i k\u00ebrkoi Briken\u00ebs t\u00eb b\u00ebhej e dashura e tij. Dyshja zhvilloi m\u00eb pas edhe nj\u00eb ceremoni simbolike martese brenda formatit.<\/p>\n<p>Pas p\u00ebrfundimit t\u00eb programit, marr\u00ebdh\u00ebnia e tyre kaloi s\u00ebrish n\u00ebp\u00ebr disa momente t\u00eb v\u00ebshtira, duke nxitur edhe aludime p\u00ebr nj\u00eb ndarje t\u00eb mundshme.<\/p>\n<p>Por paraqitjet e fundit s\u00eb bashku duket se kan\u00eb qet\u00ebsuar k\u00ebto dyshime. Tashm\u00eb, Mateo \u00ebsht\u00eb shfaqur pran\u00eb Briken\u00ebs edhe n\u00eb nj\u00eb prej momenteve t\u00eb r\u00ebnd\u00ebsishme familjare t\u00eb saj, duke treguar se lidhja e tyre vazhdon.<\/p>\n","protected":false},"excerpt":{"rendered":"<p>Brikena Selmani dhe Mateo Borri duket se po shijojn\u00eb nj\u00eb periudh\u00eb m\u00eb t\u00eb qet\u00eb n\u00eb marr\u00ebdh\u00ebnien e tyre, pas disa ulje-ngritjeve q\u00eb kan\u00eb shoq\u00ebruar lidhjen e tyre muajt e fundit. S\u00eb fundmi, Brikena ishte e pranishme n\u00eb nj\u00eb ceremoni familjare, ku u martua djali i tezes s\u00eb saj. Mes t\u00eb ftuarve ishte edhe Mateo, duke<\/p>\n","protected":false},"author":1,"featured_media":16625,"comment_status":"open","ping_status":"open","sticky":false,"template":"","format":"standard","meta":{"footnotes":""},"categories":[10],"tags":[],"class_list":{"0":"post-16624","1":"post","2":"type-post","3":"status-publish","4":"format-standard","5":"has-post-thumbnail","7":"category-showbiz"},"_links":{"self":[{"href":"https:\/\/revistatrend.com\/index.php\/wp-json\/wp\/v2\/posts\/16624","targetHints":{"allow":["GET"]}}],"collection":[{"href":"https:\/\/revistatrend.com\/index.php\/wp-json\/wp\/v2\/posts"}],"about":[{"href":"https:\/\/revistatrend.com\/index.php\/wp-json\/wp\/v2\/types\/post"}],"author":[{"embeddable":true,"href":"https:\/\/revistatrend.com\/index.php\/wp-json\/wp\/v2\/users\/1"}],"replies":[{"embeddable":true,"href":"https:\/\/revistatrend.com\/index.php\/wp-json\/wp\/v2\/comments?post=16624"}],"version-history":[{"count":1,"href":"https:\/\/revistatrend.com\/index.php\/wp-json\/wp\/v2\/posts\/16624\/revisions"}],"predecessor-version":[{"id":16626,"href":"https:\/\/revistatrend.com\/index.php\/wp-json\/wp\/v2\/posts\/16624\/revisions\/16626"}],"wp:featuredmedia":[{"embeddable":true,"href":"https:\/\/revistatrend.com\/index.php\/wp-json\/wp\/v2\/media\/16625"}],"wp:attachment":[{"href":"https:\/\/revistatrend.com\/index.php\/wp-json\/wp\/v2\/media?parent=16624"}],"wp:term":[{"taxonomy":"category","embeddable":true,"href":"https:\/\/revistatrend.com\/index.php\/wp-json\/wp\/v2\/categories?post=16624"},{"taxonomy":"post_tag","embeddable":true,"href":"https:\/\/revistatrend.com\/index.php\/wp-json\/wp\/v2\/tags?post=16624"}],"curies":[{"name":"wp","href":"https:\/\/api.w.org\/{rel}","templated":true}]}}