{"id":16627,"date":"2026-08-31T14:01:21","date_gmt":"2026-08-31T14:01:21","guid":{"rendered":"https:\/\/revistatrend.com\/?p=16627"},"modified":"2026-08-31T14:01:21","modified_gmt":"2026-08-31T14:01:21","slug":"big-brother-vip-albania-nis-me-heret-se-sa-pritet-ledion-lico-jep-sinjalin-e-pare","status":"publish","type":"post","link":"https:\/\/revistatrend.com\/index.php\/2026\/08\/31\/big-brother-vip-albania-nis-me-heret-se-sa-pritet-ledion-lico-jep-sinjalin-e-pare\/","title":{"rendered":"Big Brother VIP Albania nis m\u00eb her\u00ebt se sa pritet? Ledion Li\u00e7o jep sinjalin e par\u00eb"},"content":{"rendered":"<p class=\"wp-block-paragraph\">Big Brother VIP Albania pritet t\u00eb rikthehet k\u00ebt\u00eb vit m\u00eb her\u00ebt se sezoni i kaluar.<\/p>\n<p class=\"wp-block-paragraph\">Thuhet se k\u00ebt\u00eb her\u00eb po punohet q\u00eb spektakli t\u00eb nis\u00eb q\u00eb n\u00eb fillim t\u00eb vjesht\u00ebs.<\/p>\n<p class=\"wp-block-paragraph\">N\u00eb drejtimin e \u201cBig Brother VIP Albania\u201d pritet t\u00eb jet\u00eb s\u00ebrish Ledion Li\u00e7o.<\/p>\n<p class=\"wp-block-paragraph\">Vet\u00eb moderatori ka dh\u00ebn\u00eb nj\u00eb sinjal n\u00eb Instagram. Li\u00e7o ka publikuar nj\u00eb postim ku shkruan vet\u00ebm: \u201cGati\u201d, duke shtuar pik\u00ebpyetjet p\u00ebr afrimin e nisjes s\u00eb edicionit t\u00eb ri.<\/p>\n<p class=\"wp-block-paragraph\">Postimi nuk jep nj\u00eb dat\u00eb konkrete, por p\u00ebrkon me informacionet se produksioni ka nisur p\u00ebrgatitjet dhe se k\u00ebt\u00eb vit \u201cBig Brother VIP Albania\u201d synon t\u00eb hap\u00eb dyert q\u00eb n\u00eb fillim t\u00eb vjesht\u00ebs.<\/p>\n<p class=\"wp-block-paragraph\">Mbetet p\u00ebr t\u2019u konfirmuar data zyrtare e nisjes dhe emrat q\u00eb do t\u00eb b\u00ebhen pjes\u00eb e sht\u00ebpis\u00eb.<\/p>\n<p class=\"wp-block-paragraph\"><img decoding=\"async\" src=\"https:\/\/cdnimpuls.com\/piranjat.al\/media3\/-640-0-1788038907ximage-259-644.png\" alt=\"Big Brother VIP Albania nis m\u00eb her\u00ebt se sa pritet? Ledion Li\u00e7o\" width=\"100%\" data-size=\"x\" data-id=\"581472\" \/><\/p>\n","protected":false},"excerpt":{"rendered":"<p>Big Brother VIP Albania pritet t\u00eb rikthehet k\u00ebt\u00eb vit m\u00eb her\u00ebt se sezoni i kaluar. Thuhet se k\u00ebt\u00eb her\u00eb po punohet q\u00eb spektakli t\u00eb nis\u00eb q\u00eb n\u00eb fillim t\u00eb vjesht\u00ebs. N\u00eb drejtimin e \u201cBig Brother VIP Albania\u201d pritet t\u00eb jet\u00eb s\u00ebrish Ledion Li\u00e7o. Vet\u00eb moderatori ka dh\u00ebn\u00eb nj\u00eb sinjal n\u00eb Instagram. Li\u00e7o ka publikuar nj\u00eb<\/p>\n","protected":false},"author":1,"featured_media":16628,"comment_status":"open","ping_status":"open","sticky":false,"template":"","format":"standard","meta":{"footnotes":""},"categories":[10],"tags":[],"class_list":{"0":"post-16627","1":"post","2":"type-post","3":"status-publish","4":"format-standard","5":"has-post-thumbnail","7":"category-showbiz"},"_links":{"self":[{"href":"https:\/\/revistatrend.com\/index.php\/wp-json\/wp\/v2\/posts\/16627","targetHints":{"allow":["GET"]}}],"collection":[{"href":"https:\/\/revistatrend.com\/index.php\/wp-json\/wp\/v2\/posts"}],"about":[{"href":"https:\/\/revistatrend.com\/index.php\/wp-json\/wp\/v2\/types\/post"}],"author":[{"embeddable":true,"href":"https:\/\/revistatrend.com\/index.php\/wp-json\/wp\/v2\/users\/1"}],"replies":[{"embeddable":true,"href":"https:\/\/revistatrend.com\/index.php\/wp-json\/wp\/v2\/comments?post=16627"}],"version-history":[{"count":1,"href":"https:\/\/revistatrend.com\/index.php\/wp-json\/wp\/v2\/posts\/16627\/revisions"}],"predecessor-version":[{"id":16629,"href":"https:\/\/revistatrend.com\/index.php\/wp-json\/wp\/v2\/posts\/16627\/revisions\/16629"}],"wp:featuredmedia":[{"embeddable":true,"href":"https:\/\/revistatrend.com\/index.php\/wp-json\/wp\/v2\/media\/16628"}],"wp:attachment":[{"href":"https:\/\/revistatrend.com\/index.php\/wp-json\/wp\/v2\/media?parent=16627"}],"wp:term":[{"taxonomy":"category","embeddable":true,"href":"https:\/\/revistatrend.com\/index.php\/wp-json\/wp\/v2\/categories?post=16627"},{"taxonomy":"post_tag","embeddable":true,"href":"https:\/\/revistatrend.com\/index.php\/wp-json\/wp\/v2\/tags?post=16627"}],"curies":[{"name":"wp","href":"https:\/\/api.w.org\/{rel}","templated":true}]}}