{"id":16630,"date":"2026-08-31T14:02:29","date_gmt":"2026-08-31T14:02:29","guid":{"rendered":"https:\/\/revistatrend.com\/?p=16630"},"modified":"2026-08-31T14:02:29","modified_gmt":"2026-08-31T14:02:29","slug":"ivanka-trump-pushton-plazhin-e-kosta-rikes-por-dallget-i-prishin-planet-humb-ekuilibrin-dhe","status":"publish","type":"post","link":"https:\/\/revistatrend.com\/index.php\/2026\/08\/31\/ivanka-trump-pushton-plazhin-e-kosta-rikes-por-dallget-i-prishin-planet-humb-ekuilibrin-dhe\/","title":{"rendered":"Ivanka Trump \u201cpushton\u201d plazhin e Kosta Rik\u00ebs, por dallg\u00ebt i prishin planet, humb ekuilibrin dhe\u2026"},"content":{"rendered":"<p>Ivanka Trump ka zgjedhur brigjet e Kosta Rik\u00ebs p\u00ebr nj\u00eb tjet\u00ebr arratisje verore, ku \u00ebsht\u00eb fotografuar duke shijuar detin dhe duke provuar aft\u00ebsit\u00eb e saj n\u00eb s\u00ebrf.<\/p>\n<p>Vajza e presidentit amerikan, 44 vje\u00e7e, t\u00ebrhoqi v\u00ebmendjen me paraqitjen e saj teksa u shfaq mbi nj\u00eb d\u00ebrras\u00eb s\u00ebrfi, e veshur me nj\u00eb kostum banje t\u00eb zi nj\u00ebpjes\u00ebsh dhe nj\u00eb bluz\u00eb noti t\u00eb bardh\u00eb me jak\u00eb.<\/p>\n<p><img fetchpriority=\"high\" decoding=\"async\" class=\"aligncenter size-large wp-image-1064025\" src=\"https:\/\/cdnimpuls.com\/piranjat.al\/media3\/c33ad1d4a3c098e7d52e3b5a73dcecaf.webp\" sizes=\"(max-width: 503px) 100vw, 503px\" srcset=\"https:\/\/cdnimpuls.com\/piranjat.al\/media3\/c33ad1d4a3c098e7d52e3b5a73dcecaf.webp 503w, https:\/\/www.topalbaniaradio.com\/wp-content\/uploads\/2026\/08\/IMG_5498-199x300.webp 199w, https:\/\/www.topalbaniaradio.com\/wp-content\/uploads\/2026\/08\/IMG_5498-768x1160.webp 768w, https:\/\/www.topalbaniaradio.com\/wp-content\/uploads\/2026\/08\/IMG_5498-1017x1536.webp 1017w, https:\/\/www.topalbaniaradio.com\/wp-content\/uploads\/2026\/08\/IMG_5498.webp 1200w\" alt=\"\" width=\"503\" height=\"760\" \/><\/p>\n<p>N\u00eb disa prej momenteve t\u00eb fotografuara, Ivanka shihet duke u p\u00ebrpjekur t\u00eb ruaj\u00eb ekuilibrin mbi dallg\u00eb, me krah\u00ebt e hapur nd\u00ebrsa p\u00ebrpiqej t\u00eb q\u00ebndronte mbi d\u00ebrras\u00eb.<\/p>\n<p><img decoding=\"async\" class=\"aligncenter size-large wp-image-1064026\" src=\"https:\/\/cdnimpuls.com\/piranjat.al\/media3\/6019afb7a22fbe99a3e6c5d02d622cb7.webp\" sizes=\"(max-width: 760px) 100vw, 760px\" srcset=\"https:\/\/cdnimpuls.com\/piranjat.al\/media3\/6019afb7a22fbe99a3e6c5d02d622cb7.webp 760w, https:\/\/www.topalbaniaradio.com\/wp-content\/uploads\/2026\/08\/IMG_5499-300x205.webp 300w, https:\/\/www.topalbaniaradio.com\/wp-content\/uploads\/2026\/08\/IMG_5499-768x524.webp 768w, https:\/\/www.topalbaniaradio.com\/wp-content\/uploads\/2026\/08\/IMG_5499.webp 1200w\" alt=\"\" width=\"760\" height=\"519\" \/><br \/>\nN\u00eb nj\u00eb moment, ajo humbi ekuilibrin dhe p\u00ebrfundoi n\u00eb uj\u00eb, shkruan DailyMail. Megjithat\u00eb, duket se incidenti i vog\u00ebl nuk ia prishi aspak humorin. Ivanka e priti situat\u00ebn me buz\u00ebqeshje dhe vazhdoi t\u00eb shijonte dit\u00ebn n\u00eb det.<\/p>\n<p>Pushimet n\u00eb Kosta Rika vijn\u00eb pas nj\u00eb vere t\u00eb ngarkuar me udh\u00ebtime p\u00ebr Ivanka Trump.<\/p>\n<p><img decoding=\"async\" class=\"aligncenter size-large wp-image-1064027\" src=\"https:\/\/cdnimpuls.com\/piranjat.al\/media3\/d1204371159f462813db39200c1cf8a6.webp\" sizes=\"(max-width: 642px) 100vw, 642px\" srcset=\"https:\/\/cdnimpuls.com\/piranjat.al\/media3\/d1204371159f462813db39200c1cf8a6.webp 642w, https:\/\/www.topalbaniaradio.com\/wp-content\/uploads\/2026\/08\/IMG_5500-253x300.webp 253w, https:\/\/www.topalbaniaradio.com\/wp-content\/uploads\/2026\/08\/IMG_5500-768x909.webp 768w, https:\/\/www.topalbaniaradio.com\/wp-content\/uploads\/2026\/08\/IMG_5500.webp 1200w\" alt=\"\" width=\"642\" height=\"760\" \/><\/p>\n<p>Gjat\u00eb muajve t\u00eb fundit, ajo ka kaluar koh\u00eb n\u00eb Hamptons s\u00eb bashku me bashk\u00ebshortin e saj, Jared Kushner, ka udh\u00ebtuar drejt Bahamas dhe ka shijuar edhe nj\u00eb udh\u00ebtim familjar n\u00eb Island\u00eb.<\/p>\n<p>Ivanka ka ndar\u00eb gjithashtu n\u00eb rrjetet sociale disa prej momenteve nga k\u00ebto arratisje, duke publikuar fotografi ku shfaqet me kostume banje dhe veshje verore.<\/p>\n<p><img loading=\"lazy\" decoding=\"async\" class=\"aligncenter size-large wp-image-1064028\" src=\"https:\/\/cdnimpuls.com\/piranjat.al\/media3\/69f6ff0b26c27a2caf71b58a5590cf63.webp\" sizes=\"auto, (max-width: 642px) 100vw, 642px\" srcset=\"https:\/\/cdnimpuls.com\/piranjat.al\/media3\/69f6ff0b26c27a2caf71b58a5590cf63.webp 642w, https:\/\/www.topalbaniaradio.com\/wp-content\/uploads\/2026\/08\/IMG_5500-1-253x300.webp 253w, https:\/\/www.topalbaniaradio.com\/wp-content\/uploads\/2026\/08\/IMG_5500-1-768x909.webp 768w, https:\/\/www.topalbaniaradio.com\/wp-content\/uploads\/2026\/08\/IMG_5500-1.webp 1200w\" alt=\"\" width=\"642\" height=\"760\" \/><\/p>\n<p>N\u00eb nj\u00eb prej imazheve nga Islanda, ajo pozoi n\u00eb nj\u00eb spa s\u00eb bashku me Kushner, nd\u00ebrsa n\u00eb nj\u00eb tjet\u00ebr \u00e7ifti shihet duke shijuar koh\u00ebn n\u00eb nj\u00eb jaht.<\/p>\n<p><img loading=\"lazy\" decoding=\"async\" class=\"aligncenter size-large wp-image-1064029\" src=\"https:\/\/cdnimpuls.com\/piranjat.al\/media3\/409b99854b8c49ef6a9819473c3d79b0.webp\" sizes=\"auto, (max-width: 608px) 100vw, 608px\" srcset=\"https:\/\/cdnimpuls.com\/piranjat.al\/media3\/409b99854b8c49ef6a9819473c3d79b0.webp 608w, https:\/\/www.topalbaniaradio.com\/wp-content\/uploads\/2026\/08\/IMG_5502-240x300.webp 240w, https:\/\/www.topalbaniaradio.com\/wp-content\/uploads\/2026\/08\/IMG_5502-768x961.webp 768w, https:\/\/www.topalbaniaradio.com\/wp-content\/uploads\/2026\/08\/IMG_5502.webp 1200w\" alt=\"\" width=\"608\" height=\"760\" \/><\/p>\n<p>Duket se p\u00ebr Ivank\u00ebn, kjo ver\u00eb ka qen\u00eb nj\u00eb kombinim mes udh\u00ebtimeve luksoze, koh\u00ebs me familjen dhe aventurave t\u00eb rej, edhe n\u00ebse kjo e fundit p\u00ebrfshin nj\u00eb p\u00ebrfundim t\u00eb papritur n\u00eb uj\u00eb.<\/p>\n","protected":false},"excerpt":{"rendered":"<p>Ivanka Trump ka zgjedhur brigjet e Kosta Rik\u00ebs p\u00ebr nj\u00eb tjet\u00ebr arratisje verore, ku \u00ebsht\u00eb fotografuar duke shijuar detin dhe duke provuar aft\u00ebsit\u00eb e saj n\u00eb s\u00ebrf. Vajza e presidentit amerikan, 44 vje\u00e7e, t\u00ebrhoqi v\u00ebmendjen me paraqitjen e saj teksa u shfaq mbi nj\u00eb d\u00ebrras\u00eb s\u00ebrfi, e veshur me nj\u00eb kostum banje t\u00eb zi nj\u00ebpjes\u00ebsh<\/p>\n","protected":false},"author":1,"featured_media":16631,"comment_status":"open","ping_status":"open","sticky":false,"template":"","format":"standard","meta":{"footnotes":""},"categories":[10],"tags":[],"class_list":{"0":"post-16630","1":"post","2":"type-post","3":"status-publish","4":"format-standard","5":"has-post-thumbnail","7":"category-showbiz"},"_links":{"self":[{"href":"https:\/\/revistatrend.com\/index.php\/wp-json\/wp\/v2\/posts\/16630","targetHints":{"allow":["GET"]}}],"collection":[{"href":"https:\/\/revistatrend.com\/index.php\/wp-json\/wp\/v2\/posts"}],"about":[{"href":"https:\/\/revistatrend.com\/index.php\/wp-json\/wp\/v2\/types\/post"}],"author":[{"embeddable":true,"href":"https:\/\/revistatrend.com\/index.php\/wp-json\/wp\/v2\/users\/1"}],"replies":[{"embeddable":true,"href":"https:\/\/revistatrend.com\/index.php\/wp-json\/wp\/v2\/comments?post=16630"}],"version-history":[{"count":1,"href":"https:\/\/revistatrend.com\/index.php\/wp-json\/wp\/v2\/posts\/16630\/revisions"}],"predecessor-version":[{"id":16632,"href":"https:\/\/revistatrend.com\/index.php\/wp-json\/wp\/v2\/posts\/16630\/revisions\/16632"}],"wp:featuredmedia":[{"embeddable":true,"href":"https:\/\/revistatrend.com\/index.php\/wp-json\/wp\/v2\/media\/16631"}],"wp:attachment":[{"href":"https:\/\/revistatrend.com\/index.php\/wp-json\/wp\/v2\/media?parent=16630"}],"wp:term":[{"taxonomy":"category","embeddable":true,"href":"https:\/\/revistatrend.com\/index.php\/wp-json\/wp\/v2\/categories?post=16630"},{"taxonomy":"post_tag","embeddable":true,"href":"https:\/\/revistatrend.com\/index.php\/wp-json\/wp\/v2\/tags?post=16630"}],"curies":[{"name":"wp","href":"https:\/\/api.w.org\/{rel}","templated":true}]}}