{"id":16636,"date":"2026-09-01T14:30:11","date_gmt":"2026-09-01T14:30:11","guid":{"rendered":"https:\/\/revistatrend.com\/?p=16636"},"modified":"2026-09-01T14:30:11","modified_gmt":"2026-09-01T14:30:11","slug":"pse-nuk-dola-ne-proteste-rina-balaj-reagon-per-jetlira-foniqin-pamja-e-nenes-se-saj-ma-keputi-shpirtin-duhej-te-ishte","status":"publish","type":"post","link":"https:\/\/revistatrend.com\/index.php\/2026\/09\/01\/pse-nuk-dola-ne-proteste-rina-balaj-reagon-per-jetlira-foniqin-pamja-e-nenes-se-saj-ma-keputi-shpirtin-duhej-te-ishte\/","title":{"rendered":"\u201cPse nuk dola n\u00eb protest\u00eb\u2026\u201d\/ Rina Balaj reagon p\u00ebr Jetlira Foniqin: \u201cPamja e n\u00ebn\u00ebs s\u00eb saj ma k\u00ebputi shpirtin, duhej t\u00eb ishte&#8230;"},"content":{"rendered":"<p>Rasti tragjik i 25-vje\u00e7ares Jetlira Foniqi, e cila humbi jet\u00ebn n\u00eb Malishev\u00eb teksa priste t\u00eb b\u00ebhej n\u00ebn\u00eb, ka prekur edhe k\u00ebng\u00ebtaren Rina Balaj.<\/p>\n<p>Pas protest\u00ebs ku familjar\u00eb dhe qytetar\u00eb k\u00ebrkuan drejt\u00ebsi p\u00ebr t\u00eb ren\u00eb, Rina reagoi p\u00ebrmes disa postimeve n\u00eb Instagram, duke u ndalur ve\u00e7an\u00ebrisht te pamjet e n\u00ebn\u00ebs s\u00eb Jetlir\u00ebs.<\/p>\n<blockquote><p><em>\u201cSot nuk mujta me e pa k\u00ebt\u00eb nan\u00eb n\u00eb protest\u00eb pa mu thy zemra. Nj\u00eb nan\u00eb q\u00eb ka rrit\u00eb nj\u00eb vajz\u00eb me krejt dashnin\u00eb e bot\u00ebs, sot del n\u00eb rrug\u00eb e thyme, me k\u00ebrku drejt\u00ebsi p\u00ebr f\u00ebmij\u00ebn e vet. P\u00ebr vajz\u00ebn e saj q\u00eb duhej me qen\u00eb gjall\u00eb. P\u00ebr vajz\u00ebn e saj q\u00eb priste me u bo nan\u00eb vet\u00eb\u201d,<\/em>\u00a0shkroi k\u00ebng\u00ebtarja.<\/p><\/blockquote>\n<p>Rina u shpreh se dhimbja e nj\u00eb prindi q\u00eb detyrohet t\u00eb varros\u00eb f\u00ebmij\u00ebn e tij \u00ebsht\u00eb e pamundur t\u00eb p\u00ebrshkruhet, nd\u00ebrsa shtoi se pamjet nga protesta e kishin prekur thell\u00eb.<\/p>\n<blockquote><p><em>\u201cPamja e saj sot ma k\u00ebputi shpirtin. Nj\u00eb nan\u00eb nuk duhet kurr\u00eb me dal\u00eb n\u00eb rrug\u00eb me lyp drejt\u00ebsi p\u00ebr vajz\u00ebn q\u00eb ia kan\u00eb vra. Zoti ia leht\u00ebsoft\u00eb sadopak k\u00ebt\u00eb dhimbje q\u00eb s\u2019ka em\u00ebr, e drejt\u00ebsia mos e harroft\u00eb kurr\u00eb vajz\u00ebn e saj\u201d,<\/em>\u00a0vijoi ajo.<\/p><\/blockquote>\n<p>K\u00ebng\u00ebtarja sqaroi gjithashtu pse nuk kishte marr\u00eb pjes\u00eb fizikisht n\u00eb protest\u00eb, pasi disa ndjek\u00ebs e kishin pyetur p\u00ebr munges\u00ebn e saj.<\/p>\n<blockquote><p>\u201cJo \u00e7do dhimbje e as \u00e7do p\u00ebrkrahje duhet me u d\u00ebshmu me prezenc\u00eb e me fotografi\u201d, u shpreh Rina, duke theksuar se prania e nj\u00eb personazhi publik n\u00eb nj\u00eb moment t\u00eb till\u00eb mund ta zhvendos\u00eb v\u00ebmendjen nga arsyeja e v\u00ebrtet\u00eb e protest\u00ebs.<\/p>\n<p>\u201cSot nuk \u00ebsht\u00eb dita p\u00ebr mu, as p\u00ebr asnj\u00eb figur\u00eb publike. Sot krejt v\u00ebmendja duhet me qen\u00eb te ajo nan\u00eb e thyme, te vajza e saj dhe te drejt\u00ebsia q\u00eb po k\u00ebrkohet\u201d, shkroi ajo.<\/p><\/blockquote>\n<p>N\u00eb fund, Rina theksoi se mungesa e saj n\u00eb protest\u00eb nuk n\u00ebnkupton munges\u00eb solidariteti dhe se zemra e saj \u00ebsht\u00eb pran\u00eb familjes s\u00eb 25-vje\u00e7ares.<\/p>\n","protected":false},"excerpt":{"rendered":"<p>Rasti tragjik i 25-vje\u00e7ares Jetlira Foniqi, e cila humbi jet\u00ebn n\u00eb Malishev\u00eb teksa priste t\u00eb b\u00ebhej n\u00ebn\u00eb, ka prekur edhe k\u00ebng\u00ebtaren Rina Balaj. Pas protest\u00ebs ku familjar\u00eb dhe qytetar\u00eb k\u00ebrkuan drejt\u00ebsi p\u00ebr t\u00eb ren\u00eb, Rina reagoi p\u00ebrmes disa postimeve n\u00eb Instagram, duke u ndalur ve\u00e7an\u00ebrisht te pamjet e n\u00ebn\u00ebs s\u00eb Jetlir\u00ebs. \u201cSot nuk mujta me<\/p>\n","protected":false},"author":1,"featured_media":16637,"comment_status":"open","ping_status":"open","sticky":false,"template":"","format":"standard","meta":{"footnotes":""},"categories":[10],"tags":[],"class_list":{"0":"post-16636","1":"post","2":"type-post","3":"status-publish","4":"format-standard","5":"has-post-thumbnail","7":"category-showbiz"},"_links":{"self":[{"href":"https:\/\/revistatrend.com\/index.php\/wp-json\/wp\/v2\/posts\/16636","targetHints":{"allow":["GET"]}}],"collection":[{"href":"https:\/\/revistatrend.com\/index.php\/wp-json\/wp\/v2\/posts"}],"about":[{"href":"https:\/\/revistatrend.com\/index.php\/wp-json\/wp\/v2\/types\/post"}],"author":[{"embeddable":true,"href":"https:\/\/revistatrend.com\/index.php\/wp-json\/wp\/v2\/users\/1"}],"replies":[{"embeddable":true,"href":"https:\/\/revistatrend.com\/index.php\/wp-json\/wp\/v2\/comments?post=16636"}],"version-history":[{"count":1,"href":"https:\/\/revistatrend.com\/index.php\/wp-json\/wp\/v2\/posts\/16636\/revisions"}],"predecessor-version":[{"id":16638,"href":"https:\/\/revistatrend.com\/index.php\/wp-json\/wp\/v2\/posts\/16636\/revisions\/16638"}],"wp:featuredmedia":[{"embeddable":true,"href":"https:\/\/revistatrend.com\/index.php\/wp-json\/wp\/v2\/media\/16637"}],"wp:attachment":[{"href":"https:\/\/revistatrend.com\/index.php\/wp-json\/wp\/v2\/media?parent=16636"}],"wp:term":[{"taxonomy":"category","embeddable":true,"href":"https:\/\/revistatrend.com\/index.php\/wp-json\/wp\/v2\/categories?post=16636"},{"taxonomy":"post_tag","embeddable":true,"href":"https:\/\/revistatrend.com\/index.php\/wp-json\/wp\/v2\/tags?post=16636"}],"curies":[{"name":"wp","href":"https:\/\/api.w.org\/{rel}","templated":true}]}}