{"id":16647,"date":"2026-09-01T14:43:16","date_gmt":"2026-09-01T14:43:16","guid":{"rendered":"https:\/\/revistatrend.com\/?p=16647"},"modified":"2026-09-01T14:43:16","modified_gmt":"2026-09-01T14:43:16","slug":"era-istrefi-terheq-vemendjen-me-fotografite-e-reja-nga-stili-ekstravagant-te-pamjet-verore","status":"publish","type":"post","link":"https:\/\/revistatrend.com\/index.php\/2026\/09\/01\/era-istrefi-terheq-vemendjen-me-fotografite-e-reja-nga-stili-ekstravagant-te-pamjet-verore\/","title":{"rendered":"Era Istrefi t\u00ebrheq v\u00ebmendjen me fotografit\u00eb e reja\/ Nga stili ekstravagant te pamjet verore"},"content":{"rendered":"<p>Era Istrefi ka t\u00ebrhequr s\u00ebrish v\u00ebmendjen e ndjek\u00ebsve n\u00eb rrjetet sociale, duke publikuar nj\u00eb seri fotografish nga periudha e fundit.<\/p>\n<p>K\u00ebng\u00ebtarja kosovare ka ndar\u00eb disa momente me stile t\u00eb ndryshme, duke sjell\u00eb paraqitje ekstravagante dhe pamje verore.<\/p>\n<p>N\u00eb nj\u00ebr\u00ebn prej fotografive, Era shfaqet me nj\u00eb veshje skenike n\u00eb ngjyr\u00eb roz\u00eb, e dekoruar me lule t\u00eb m\u00ebdha t\u00eb kuqe, nd\u00ebrsa n\u00eb nj\u00eb tjet\u00ebr ka zgjedhur nj\u00eb fustan transparent me pala dhe bisht t\u00eb gjat\u00eb.<\/p>\n<p><img decoding=\"async\" src=\"https:\/\/cdnimpuls.com\/piranjat.al\/media3\/-640-0-1788267188x640-0-capturepng-1788260447-661.png\" alt=\"Era Istrefi t\u00ebrheq v\u00ebmendjen me fotografit\u00eb e reja\/ Nga stili\" width=\"100%\" data-size=\"x\" data-id=\"581967\" \/><\/p>\n<p>Artistja ka marr\u00eb v\u00ebmendje edhe me nj\u00eb paraqitje me bikini t\u00eb zeza t\u00eb dekoruara me gur\u00eb, nd\u00ebrsa n\u00eb nj\u00eb tjet\u00ebr fotografi shfaqet me nj\u00eb set n\u00eb ngjyr\u00eb ari, pas mikset\u00ebs s\u00eb DJ-it n\u00eb nj\u00eb sken\u00eb buz\u00eb detit.<\/p>\n<p>Seria e fotografive ka marr\u00eb mij\u00ebra p\u00eblqime dhe reagime nga ndjek\u00ebsit, t\u00eb cil\u00ebt kan\u00eb vler\u00ebsuar paraqitjen dhe stilin e artistes.<\/p>\n<p><img decoding=\"async\" src=\"https:\/\/cdnimpuls.com\/piranjat.al\/media3\/-640-0-1788267188x640-0-capturepng-1788260404-775.png\" alt=\"Era Istrefi t\u00ebrheq v\u00ebmendjen me fotografit\u00eb e reja\/ Nga stili\" width=\"100%\" data-size=\"x\" data-id=\"581966\" \/><\/p>\n<p>Era, e njohur p\u00ebr stilin e saj t\u00eb ve\u00e7ant\u00eb dhe paraqitjet e guximshme, edhe k\u00ebsaj here ka treguar se di t\u00eb eksperimentoj\u00eb me veshjet dhe imazhin e saj.<\/p>\n<p>Nga skena te atmosfera verore, artistja ka sjell\u00eb nj\u00eb p\u00ebrmbledhje fotografish q\u00eb ka t\u00ebrhequr v\u00ebmendjen e ndjek\u00ebsve t\u00eb saj n\u00eb Instagram.<\/p>\n","protected":false},"excerpt":{"rendered":"<p>Era Istrefi ka t\u00ebrhequr s\u00ebrish v\u00ebmendjen e ndjek\u00ebsve n\u00eb rrjetet sociale, duke publikuar nj\u00eb seri fotografish nga periudha e fundit. K\u00ebng\u00ebtarja kosovare ka ndar\u00eb disa momente me stile t\u00eb ndryshme, duke sjell\u00eb paraqitje ekstravagante dhe pamje verore. N\u00eb nj\u00ebr\u00ebn prej fotografive, Era shfaqet me nj\u00eb veshje skenike n\u00eb ngjyr\u00eb roz\u00eb, e dekoruar me lule t\u00eb<\/p>\n","protected":false},"author":1,"featured_media":16648,"comment_status":"open","ping_status":"open","sticky":false,"template":"","format":"standard","meta":{"footnotes":""},"categories":[10],"tags":[],"class_list":{"0":"post-16647","1":"post","2":"type-post","3":"status-publish","4":"format-standard","5":"has-post-thumbnail","7":"category-showbiz"},"_links":{"self":[{"href":"https:\/\/revistatrend.com\/index.php\/wp-json\/wp\/v2\/posts\/16647","targetHints":{"allow":["GET"]}}],"collection":[{"href":"https:\/\/revistatrend.com\/index.php\/wp-json\/wp\/v2\/posts"}],"about":[{"href":"https:\/\/revistatrend.com\/index.php\/wp-json\/wp\/v2\/types\/post"}],"author":[{"embeddable":true,"href":"https:\/\/revistatrend.com\/index.php\/wp-json\/wp\/v2\/users\/1"}],"replies":[{"embeddable":true,"href":"https:\/\/revistatrend.com\/index.php\/wp-json\/wp\/v2\/comments?post=16647"}],"version-history":[{"count":1,"href":"https:\/\/revistatrend.com\/index.php\/wp-json\/wp\/v2\/posts\/16647\/revisions"}],"predecessor-version":[{"id":16649,"href":"https:\/\/revistatrend.com\/index.php\/wp-json\/wp\/v2\/posts\/16647\/revisions\/16649"}],"wp:featuredmedia":[{"embeddable":true,"href":"https:\/\/revistatrend.com\/index.php\/wp-json\/wp\/v2\/media\/16648"}],"wp:attachment":[{"href":"https:\/\/revistatrend.com\/index.php\/wp-json\/wp\/v2\/media?parent=16647"}],"wp:term":[{"taxonomy":"category","embeddable":true,"href":"https:\/\/revistatrend.com\/index.php\/wp-json\/wp\/v2\/categories?post=16647"},{"taxonomy":"post_tag","embeddable":true,"href":"https:\/\/revistatrend.com\/index.php\/wp-json\/wp\/v2\/tags?post=16647"}],"curies":[{"name":"wp","href":"https:\/\/api.w.org\/{rel}","templated":true}]}}