{"id":1665,"date":"2021-05-04T09:52:23","date_gmt":"2021-05-04T09:52:23","guid":{"rendered":"https:\/\/revistatrend.com\/?p=1665"},"modified":"2021-05-04T09:52:23","modified_gmt":"2021-05-04T09:52:23","slug":"rikthehet-elvana-gjata-pas-3-vitesh-nje-rrefim-per-jeten-muziken-dhe-planet-e-se-ardhmes","status":"publish","type":"post","link":"https:\/\/revistatrend.com\/index.php\/2021\/05\/04\/rikthehet-elvana-gjata-pas-3-vitesh-nje-rrefim-per-jeten-muziken-dhe-planet-e-se-ardhmes\/","title":{"rendered":"Rikthehet Elvana Gjata pas 3 vitesh: Nj\u00eb rr\u00ebfim p\u00ebr jet\u00ebn, muzik\u00ebn dhe planet e s\u00eb ardhmes!"},"content":{"rendered":"\n<p>Elvana Gjat\u00ebn e shohim rrall\u00eb n\u00ebp\u00ebr studio televizive t\u00eb jap\u00eb intervista. Pas thuajse 3 vitesh, q\u00eb nga intervista e saj e fundit n\u00eb &#8220;Xing me Ermalin&#8221;, k\u00ebng\u00ebtarja u rikthye k\u00ebt\u00eb mbr\u00ebmje n\u00eb Soiree. N\u00eb intervist\u00ebn ekskluzive, ajo foli rreth v\u00ebshtir\u00ebsive dhe jet\u00ebs gjat\u00eb pandemis\u00eb, prapaskenave t\u00eb &#8220;\u00c7elu&#8221; dhe planeve t\u00eb tjera artistike.<\/p>\n\n\n\n<p><em>&#8220;Ka qen\u00eb jasht\u00ebzakonisht e v\u00ebshtir\u00eb. T\u00eb d\u00ebgjoje njer\u00ebz q\u00eb humbnin jet\u00eb, nd\u00ebrkoh\u00eb q\u00eb duhet t\u00eb gjeje frym\u00ebzimin q\u00eb t\u00eb b\u00ebje muzik\u00eb, t\u00eb gjeje qet\u00ebsin\u00eb e brendshme, paqen. P\u00ebrpiqesha t&#8217;i shmangia, por ishte e pashmangshme&#8221;, u shpreh Elvana, teksa p\u00ebrmendi se momenti i v\u00ebshtir\u00eb p\u00ebr t\u00eb gjat\u00eb pandemis\u00eb ishte infektimi i prind\u00ebrve me Covid.<\/em><\/p>\n\n\n\n<p>Gjat\u00eb k\u00ebtij viti pandemik, mes Pirro \u00c7akos dhe Elvan\u00ebs filloi dhe bashk\u00ebpunimi p\u00ebr albumin &#8220;\u00c7elu&#8221;, p\u00ebr t\u00eb cilin t\u00eb dy than\u00eb se q\u00ebllimi ishte t\u00eb b\u00ebnin &#8220;muzik\u00eb shqiptare qytetare, t\u00eb ardhur n\u00eb nj\u00eb form\u00eb t\u00eb fresk\u00ebt&#8221;. N\u00eb lidhje me bashk\u00ebpunimin, Elvana tha se &#8220;\u00ebsht\u00eb e nderuar t\u00eb punoj\u00eb me Pirro \u00c7akon&#8221;.<\/p>\n\n\n\n<p>Megjithat\u00eb, projekti &#8220;\u00c7elu&#8221;, fillimisht ishte menduar t\u00eb publikohej n\u00eb 8 mars.<\/p>\n\n\n\n<p><em>&#8220;N\u00eb fakt k\u00ebt\u00eb projekt doja q\u00eb t&#8217;ia kushtoja gruas shqiptare, prandaj zgjodha dat\u00ebn 8 mars. Ishte nj\u00eb projekt p\u00ebr t\u00eb cilin kam punuar shum\u00eb me Dalina Buzin, skenariste, regjisore dhe nd\u00ebr njer\u00ebzit m\u00eb kreativ\u00eb dhe &#8216;cool&#8217; q\u00eb un\u00eb njoh dhe jam me fat q\u00eb kam mund\u00ebsin\u00eb t\u00eb punoj me t\u00eb. Projekti, n\u00eb fillim ka qen\u00eb nj\u00eb film muzikor dhe absolutisht q\u00eb do punojm\u00eb q\u00eb ta b\u00ebjm\u00eb t\u00eb mundur k\u00ebt\u00eb gj\u00eb n\u00eb nj\u00eb koh\u00eb t\u00eb dyt\u00eb.&#8221;<\/em><\/p>\n\n\n\n<p>Mes pyetjeve t\u00eb publikut, b\u00ebr\u00eb nga Instagram, YouTube dhe rrjete t\u00eb tjera sociale, Elvana i p\u00ebrgjigjet pyetjes &#8220;a plakesh ndonj\u00ebher\u00eb?&#8221; me ca sekrete t\u00eb thjeshta bukurie: Fle mir\u00eb, ha vakte t\u00eb sh\u00ebndetshme, nuk pi alkool, \u00ebsht\u00eb vegjetariane, ndonj\u00ebher\u00eb edhe vegane dhe b\u00ebn st\u00ebrvitje rregullisht.<\/p>\n\n\n\n<p>N\u00eb pjes\u00ebn e dyt\u00eb, intervist\u00ebs i bashkohet edhe motra e Elvan\u00ebs, Migena Gjata, soprano me nj\u00eb karrier\u00eb t\u00eb suksesshme n\u00eb Gjermani, n\u00eb nj\u00eb rr\u00ebfim personal p\u00ebr marr\u00ebdh\u00ebnien e tyre.<\/p>\n\n\n\n<p>Duke rikujtuar f\u00ebmij\u00ebrin\u00eb, Migena kujton se ishte ajo q\u00eb e dalloi se q\u00eb n\u00eb mosh\u00eb t\u00eb vog\u00ebl, Elvana ishte e talentuar. Gjat\u00eb asaj kohe, Migena ishte ende vet\u00ebm nj\u00eb nx\u00ebn\u00ebse e muzik\u00ebs q\u00eb p\u00ebrgatitej t\u00eb studionte n\u00eb Liceun Artistik. Edhe pse jetojn\u00eb n\u00eb dy vende t\u00eb ndryshme, Gjermani dhe Shqip\u00ebri, larg\u00ebsia nuk ka arritur ta zbeh\u00eb lidhjen e ngusht\u00eb mes tyre.<\/p>\n\n\n\n<p>K\u00ebnga &#8220;Vendi im&#8221; \u00ebsht\u00eb bashk\u00ebpunimi i par\u00eb i dy motrave, pjes\u00eb e albumit &#8220;\u00c7ELU&#8221;. Gjat\u00eb intervist\u00ebs, autori i k\u00ebng\u00ebs, Pirro \u00c7ako, tha se k\u00ebnga \u00ebsht\u00eb nj\u00eb dedikim p\u00ebr t\u00eb atin, por edhe p\u00ebr gjith\u00eb njer\u00ebzit q\u00eb ndjejn\u00eb mall p\u00ebr dik\u00eb q\u00eb nuk e kan\u00eb pran\u00eb fizikisht, nj\u00eb dedikim p\u00ebr distanc\u00ebn. N\u00eb k\u00ebt\u00eb aspekt, k\u00ebnga ka nj\u00eb kuptim t\u00eb ve\u00e7ant\u00eb edhe p\u00ebr Elvan\u00ebn dhe motr\u00ebn e saj.<\/p>\n","protected":false},"excerpt":{"rendered":"<p>Elvana Gjat\u00ebn e shohim rrall\u00eb n\u00ebp\u00ebr studio televizive t\u00eb jap\u00eb intervista. Pas thuajse 3 vitesh, q\u00eb nga intervista e saj e fundit n\u00eb &#8220;Xing me Ermalin&#8221;, k\u00ebng\u00ebtarja u rikthye k\u00ebt\u00eb mbr\u00ebmje n\u00eb Soiree. N\u00eb intervist\u00ebn ekskluzive, ajo foli rreth v\u00ebshtir\u00ebsive dhe jet\u00ebs gjat\u00eb pandemis\u00eb, prapaskenave t\u00eb &#8220;\u00c7elu&#8221; dhe planeve t\u00eb tjera artistike. &#8220;Ka qen\u00eb jasht\u00ebzakonisht<\/p>\n","protected":false},"author":1,"featured_media":1666,"comment_status":"open","ping_status":"open","sticky":false,"template":"","format":"standard","meta":{"footnotes":""},"categories":[4],"tags":[],"class_list":{"0":"post-1665","1":"post","2":"type-post","3":"status-publish","4":"format-standard","5":"has-post-thumbnail","7":"category-music"},"_links":{"self":[{"href":"https:\/\/revistatrend.com\/index.php\/wp-json\/wp\/v2\/posts\/1665","targetHints":{"allow":["GET"]}}],"collection":[{"href":"https:\/\/revistatrend.com\/index.php\/wp-json\/wp\/v2\/posts"}],"about":[{"href":"https:\/\/revistatrend.com\/index.php\/wp-json\/wp\/v2\/types\/post"}],"author":[{"embeddable":true,"href":"https:\/\/revistatrend.com\/index.php\/wp-json\/wp\/v2\/users\/1"}],"replies":[{"embeddable":true,"href":"https:\/\/revistatrend.com\/index.php\/wp-json\/wp\/v2\/comments?post=1665"}],"version-history":[{"count":1,"href":"https:\/\/revistatrend.com\/index.php\/wp-json\/wp\/v2\/posts\/1665\/revisions"}],"predecessor-version":[{"id":1667,"href":"https:\/\/revistatrend.com\/index.php\/wp-json\/wp\/v2\/posts\/1665\/revisions\/1667"}],"wp:featuredmedia":[{"embeddable":true,"href":"https:\/\/revistatrend.com\/index.php\/wp-json\/wp\/v2\/media\/1666"}],"wp:attachment":[{"href":"https:\/\/revistatrend.com\/index.php\/wp-json\/wp\/v2\/media?parent=1665"}],"wp:term":[{"taxonomy":"category","embeddable":true,"href":"https:\/\/revistatrend.com\/index.php\/wp-json\/wp\/v2\/categories?post=1665"},{"taxonomy":"post_tag","embeddable":true,"href":"https:\/\/revistatrend.com\/index.php\/wp-json\/wp\/v2\/tags?post=1665"}],"curies":[{"name":"wp","href":"https:\/\/api.w.org\/{rel}","templated":true}]}}