{"id":16650,"date":"2026-09-01T14:43:59","date_gmt":"2026-09-01T14:43:59","guid":{"rendered":"https:\/\/revistatrend.com\/?p=16650"},"modified":"2026-09-01T14:43:59","modified_gmt":"2026-09-01T14:43:59","slug":"ti-je-i-vetmi-qe-mund-te-me-ndihmosh-ta-perballoj-9-muaj-pa-shpat-kasapin-selvija-ndan-fjalet-qe-prekin-zemren","status":"publish","type":"post","link":"https:\/\/revistatrend.com\/index.php\/2026\/09\/01\/ti-je-i-vetmi-qe-mund-te-me-ndihmosh-ta-perballoj-9-muaj-pa-shpat-kasapin-selvija-ndan-fjalet-qe-prekin-zemren\/","title":{"rendered":"\u201cTi je i vetmi q\u00eb mund t\u00eb m\u00eb ndihmosh ta p\u00ebrballoj\u201d\/ 9 muaj pa Shpat Kasapin, Selvija ndan fjal\u00ebt q\u00eb prekin zemr\u00ebn"},"content":{"rendered":"<p>Kan\u00eb kaluar\u00a0<strong>n\u00ebnt\u00eb muaj nga ndarja nga jeta e Shpat Kasapit<\/strong>, por dhimbja dhe mungesa vazhdojn\u00eb t\u00eb jen\u00eb t\u00eb pranishme p\u00ebr Selvijen.<\/p>\n<p>N\u00eb k\u00ebt\u00eb p\u00ebrvjetor t\u00eb trisht\u00eb, ajo ka ndar\u00eb n\u00eb Instagram nj\u00eb fragment t\u00eb autores Mae Setrova, fjal\u00ebt e s\u00eb cil\u00ebs duket se p\u00ebrshkruajn\u00eb at\u00eb q\u00eb po p\u00ebrjeton pas humbjes s\u00eb Shpatit.<\/p>\n<p>\u201c<strong>Ti vdiqe dhe un\u00eb kam d\u00ebshp\u00ebrimisht nevoj\u00eb t\u00eb t\u00eb tregoj se si ndihem. Kam nevoj\u00eb t\u00eb m\u00eb mbash n\u00eb k\u00ebmb\u00eb nd\u00ebrsa t\u00eb tregoj p\u00ebr k\u00ebt\u00eb boshll\u00ebk q\u00eb tani ekziston n\u00eb zemr\u00ebn time dhe p\u00ebr zbraz\u00ebtin\u00eb q\u00eb m\u00eb p\u00ebrpin shpirtin. Kam nevoj\u00eb t\u00eb m\u00eb mbash nd\u00ebrsa qaj p\u00ebr ty dhe i b\u00ebrtas Zotit duke k\u00ebrkuar nj\u00eb p\u00ebrgjigje q\u00eb tashm\u00eb e kam, por q\u00eb refuzoj ta pranoj si arsye.<\/strong><\/p>\n<p><strong>Ti ke vdekur dhe je i vetmi q\u00eb mund t\u00eb m\u00eb ndihmosh ta kaloj k\u00ebt\u00eb<\/strong>\u201d, thuhet n\u00eb fragmentin e shp\u00ebrndar\u00eb prej saj.<\/p>\n<p>Selvija nuk ka shtuar shum\u00eb fjal\u00eb t\u00eb tjera. Mbi postimin ka shkruar vet\u00ebm:\u00a0<strong>\u201c9 muaj pa ty\u201d<\/strong>, duke p\u00ebrmbledhur k\u00ebshtu mallin dhe dhimbjen q\u00eb vazhdon edhe muaj pas humbjes s\u00eb tij.<\/p>\n","protected":false},"excerpt":{"rendered":"<p>Kan\u00eb kaluar\u00a0n\u00ebnt\u00eb muaj nga ndarja nga jeta e Shpat Kasapit, por dhimbja dhe mungesa vazhdojn\u00eb t\u00eb jen\u00eb t\u00eb pranishme p\u00ebr Selvijen. N\u00eb k\u00ebt\u00eb p\u00ebrvjetor t\u00eb trisht\u00eb, ajo ka ndar\u00eb n\u00eb Instagram nj\u00eb fragment t\u00eb autores Mae Setrova, fjal\u00ebt e s\u00eb cil\u00ebs duket se p\u00ebrshkruajn\u00eb at\u00eb q\u00eb po p\u00ebrjeton pas humbjes s\u00eb Shpatit. \u201cTi vdiqe dhe<\/p>\n","protected":false},"author":1,"featured_media":16651,"comment_status":"open","ping_status":"open","sticky":false,"template":"","format":"standard","meta":{"footnotes":""},"categories":[10],"tags":[],"class_list":{"0":"post-16650","1":"post","2":"type-post","3":"status-publish","4":"format-standard","5":"has-post-thumbnail","7":"category-showbiz"},"_links":{"self":[{"href":"https:\/\/revistatrend.com\/index.php\/wp-json\/wp\/v2\/posts\/16650","targetHints":{"allow":["GET"]}}],"collection":[{"href":"https:\/\/revistatrend.com\/index.php\/wp-json\/wp\/v2\/posts"}],"about":[{"href":"https:\/\/revistatrend.com\/index.php\/wp-json\/wp\/v2\/types\/post"}],"author":[{"embeddable":true,"href":"https:\/\/revistatrend.com\/index.php\/wp-json\/wp\/v2\/users\/1"}],"replies":[{"embeddable":true,"href":"https:\/\/revistatrend.com\/index.php\/wp-json\/wp\/v2\/comments?post=16650"}],"version-history":[{"count":1,"href":"https:\/\/revistatrend.com\/index.php\/wp-json\/wp\/v2\/posts\/16650\/revisions"}],"predecessor-version":[{"id":16652,"href":"https:\/\/revistatrend.com\/index.php\/wp-json\/wp\/v2\/posts\/16650\/revisions\/16652"}],"wp:featuredmedia":[{"embeddable":true,"href":"https:\/\/revistatrend.com\/index.php\/wp-json\/wp\/v2\/media\/16651"}],"wp:attachment":[{"href":"https:\/\/revistatrend.com\/index.php\/wp-json\/wp\/v2\/media?parent=16650"}],"wp:term":[{"taxonomy":"category","embeddable":true,"href":"https:\/\/revistatrend.com\/index.php\/wp-json\/wp\/v2\/categories?post=16650"},{"taxonomy":"post_tag","embeddable":true,"href":"https:\/\/revistatrend.com\/index.php\/wp-json\/wp\/v2\/tags?post=16650"}],"curies":[{"name":"wp","href":"https:\/\/api.w.org\/{rel}","templated":true}]}}