{"id":16656,"date":"2026-09-02T15:23:37","date_gmt":"2026-09-02T15:23:37","guid":{"rendered":"https:\/\/revistatrend.com\/?p=16656"},"modified":"2026-09-02T15:23:37","modified_gmt":"2026-09-02T15:23:37","slug":"dalin-pamjet-prinderit-e-cojne-drejt-altarit-kida-dhe-ajbi-kurorezojne-dashurine","status":"publish","type":"post","link":"https:\/\/revistatrend.com\/index.php\/2026\/09\/02\/dalin-pamjet-prinderit-e-cojne-drejt-altarit-kida-dhe-ajbi-kurorezojne-dashurine\/","title":{"rendered":"Dalin pamjet, prind\u00ebrit e \u00e7ojn\u00eb drejt altarit! Kida dhe Ajbi kuror\u00ebzojn\u00eb dashurin\u00eb"},"content":{"rendered":"<p>Jan\u00eb publikuar pamjet e para nga momenti m\u00eb me emocionues i mbr\u00ebmjes, ku k\u00ebng\u00ebtarja Kida po kuror\u00ebzon zyrtarisht dashurin\u00eb e saj me Ajbin n\u00eb Rom\u00eb.<\/p>\n<p>N\u00eb pamjet e para, k\u00ebng\u00ebtarja shihet teksa ec\u00ebn drejt altarit e shoq\u00ebruar nga dy prind\u00ebrit e saj. Momenti i kuror\u00ebzimit ka qen\u00eb mjaft intim dhe \u00ebsht\u00eb p\u00ebrcjell\u00eb me duartrokitje t\u00eb ngrohta nga t\u00eb gjith\u00eb t\u00eb pranishmit. Kida duket p\u00ebrrallore krah Aibit, ku t\u00eb dy kan\u00eb shk\u00ebmbyer premtimet e dashuris\u00eb n\u00eb ambientet luksoze t\u00eb vil\u00ebs n\u00eb kryeqytetin italian.<\/p>\n<p>N\u00eb k\u00ebt\u00eb dit\u00eb t\u00eb ve\u00e7ant\u00eb po festojn\u00eb me \u00e7iftin edhe shum\u00eb emra t\u00eb njohur t\u00eb sken\u00ebs. Mes mysafir\u00ebve VIP t\u00eb pranish\u00ebm jan\u00eb Shkurta Gashi me bashk\u00ebshortin e saj Albert Limani, Ermal Fejzullahu me bashk\u00ebshorten Arian\u00ebn, Yll Limani, e shum\u00eb t\u00eb tjer\u00eb.<\/p>\n<p>Nd\u00ebrkaq, p\u00ebr atmosfer\u00ebn dhe muzik\u00ebn live do p\u00ebrkujdeset k\u00ebng\u00ebtari i mir\u00ebnjohur Ramadan Krasniqi.<\/p>\n","protected":false},"excerpt":{"rendered":"<p>Jan\u00eb publikuar pamjet e para nga momenti m\u00eb me emocionues i mbr\u00ebmjes, ku k\u00ebng\u00ebtarja Kida po kuror\u00ebzon zyrtarisht dashurin\u00eb e saj me Ajbin n\u00eb Rom\u00eb. N\u00eb pamjet e para, k\u00ebng\u00ebtarja shihet teksa ec\u00ebn drejt altarit e shoq\u00ebruar nga dy prind\u00ebrit e saj. Momenti i kuror\u00ebzimit ka qen\u00eb mjaft intim dhe \u00ebsht\u00eb p\u00ebrcjell\u00eb me duartrokitje t\u00eb<\/p>\n","protected":false},"author":1,"featured_media":16657,"comment_status":"open","ping_status":"open","sticky":false,"template":"","format":"standard","meta":{"footnotes":""},"categories":[10],"tags":[],"class_list":{"0":"post-16656","1":"post","2":"type-post","3":"status-publish","4":"format-standard","5":"has-post-thumbnail","7":"category-showbiz"},"_links":{"self":[{"href":"https:\/\/revistatrend.com\/index.php\/wp-json\/wp\/v2\/posts\/16656","targetHints":{"allow":["GET"]}}],"collection":[{"href":"https:\/\/revistatrend.com\/index.php\/wp-json\/wp\/v2\/posts"}],"about":[{"href":"https:\/\/revistatrend.com\/index.php\/wp-json\/wp\/v2\/types\/post"}],"author":[{"embeddable":true,"href":"https:\/\/revistatrend.com\/index.php\/wp-json\/wp\/v2\/users\/1"}],"replies":[{"embeddable":true,"href":"https:\/\/revistatrend.com\/index.php\/wp-json\/wp\/v2\/comments?post=16656"}],"version-history":[{"count":1,"href":"https:\/\/revistatrend.com\/index.php\/wp-json\/wp\/v2\/posts\/16656\/revisions"}],"predecessor-version":[{"id":16658,"href":"https:\/\/revistatrend.com\/index.php\/wp-json\/wp\/v2\/posts\/16656\/revisions\/16658"}],"wp:featuredmedia":[{"embeddable":true,"href":"https:\/\/revistatrend.com\/index.php\/wp-json\/wp\/v2\/media\/16657"}],"wp:attachment":[{"href":"https:\/\/revistatrend.com\/index.php\/wp-json\/wp\/v2\/media?parent=16656"}],"wp:term":[{"taxonomy":"category","embeddable":true,"href":"https:\/\/revistatrend.com\/index.php\/wp-json\/wp\/v2\/categories?post=16656"},{"taxonomy":"post_tag","embeddable":true,"href":"https:\/\/revistatrend.com\/index.php\/wp-json\/wp\/v2\/tags?post=16656"}],"curies":[{"name":"wp","href":"https:\/\/api.w.org\/{rel}","templated":true}]}}