{"id":16659,"date":"2026-09-02T15:24:54","date_gmt":"2026-09-02T15:24:54","guid":{"rendered":"https:\/\/revistatrend.com\/?p=16659"},"modified":"2026-09-02T15:24:54","modified_gmt":"2026-09-02T15:24:54","slug":"si-e-ema-vajza-e-zonjes-se-pare-te-frances-ne-lidhje-me-studentin-20-vite-me-te-ri","status":"publish","type":"post","link":"https:\/\/revistatrend.com\/index.php\/2026\/09\/02\/si-e-ema-vajza-e-zonjes-se-pare-te-frances-ne-lidhje-me-studentin-20-vite-me-te-ri\/","title":{"rendered":"Si e \u00ebma\/ Vajza e zonj\u00ebs s\u00eb par\u00eb t\u00eb Franc\u00ebs n\u00eb lidhje me studentin 20 vite m\u00eb t\u00eb ri"},"content":{"rendered":"<p>Vajza 42-vje\u00e7are e Brigitte Macron thuhet se \u00ebsht\u00eb n\u00eb nj\u00eb lidhje me nj\u00eb student 20 vjet m\u00eb t\u00eb ri se ajo. Tiffin Ozier, t\u00eb cil\u00ebn zonja e par\u00eb franceze e kishte nga martesa e saj e par\u00eb me Andr\u00e9-Louis Ozier, shfaqet n\u00eb nj\u00eb video t\u00eb postuar n\u00eb Instagram nga 22-vje\u00e7ari Antoine Lecomte, n\u00eb momente t\u00eb af\u00ebrta me t\u00eb, gjat\u00eb udh\u00ebtimit t\u00eb tyre n\u00eb Amsterdam.<\/p>\n<p>Sipas Daily Mail, vajza e Brigitte Macron dhe studenti 22-vje\u00e7ar i administrimit t\u00eb biznesit u takuan gjat\u00eb ver\u00ebs n\u00eb Le Touquet, nj\u00eb vendpushim bregdetar kozmopolit n\u00eb Franc\u00ebn veriper\u00ebndimore, ku Lecomte punon si instruktore dhe i jepte m\u00ebsime Ozier. Nj\u00eb mik i ngusht\u00eb i vajz\u00ebs s\u00eb adoptuar t\u00eb presidentit francez i tha revist\u00ebs franceze Gala: &#8221; T\u00ebrheqja mes tyre ishte e menj\u00ebhershme. Ata kan\u00eb shum\u00eb t\u00eb p\u00ebrbashk\u00ebta. Ata e duan Le Touquet dhe adrenalin\u00ebn, por edhe udh\u00ebtimet dhe sip\u00ebrmarrjen .&#8221;<\/p>\n<p>Ozier, i cili punon si avokat dhe \u00ebsht\u00eb gjithashtu i p\u00ebrfshir\u00eb n\u00eb politik\u00eb, e ka takuar tashm\u00eb Lecomte p\u00ebrmes dy f\u00ebmij\u00ebve t\u00eb saj, Elise 12-vje\u00e7are dhe Orel 10-vje\u00e7ar, t\u00eb cil\u00ebt i kishte me Antoine Soto, me t\u00eb cilin u divorcua n\u00eb janar 2025. Ish-\u00e7ifti kishte n\u00ebnshkruar nj\u00eb marr\u00ebveshje bashk\u00ebjetese n\u00eb vitin 2010.<\/p>\n<p>Brigitte Macron thuhet se \u00ebsht\u00eb ve\u00e7an\u00ebrisht e lumtur p\u00ebr marr\u00ebdh\u00ebnien e re t\u00eb vajz\u00ebs s\u00eb saj. Nj\u00eb burim i tha Gala: &#8220;Ajo reagoi si\u00e7 do t\u00eb reagonte \u00e7do n\u00ebn\u00eb. &#8220;E t\u00ebra q\u00eb ka r\u00ebnd\u00ebsi p\u00ebr t\u00eb \u00ebsht\u00eb lumturia e vajz\u00ebs s\u00eb saj, k\u00ebshtu q\u00eb \u00ebsht\u00eb shum\u00eb e lumtur ta shoh\u00eb at\u00eb t\u00eb lul\u00ebzoj\u00eb. Ajo do t\u00eb jet\u00eb shum\u00eb e lumtur t\u00eb takoj\u00eb Antoine.&#8221;<\/p>\n<p>Lidhja e re e 42-vje\u00e7ares thuhet se erdhi vet\u00ebm disa muaj pas ndarjes s\u00eb saj nga prezantuesi francez Cyril Anounas n\u00eb maj t\u00eb vitit 2026. Lidhja e re e Ozier thuhet se kujton marr\u00ebdh\u00ebnien midis 73-vje\u00e7ares Brigitte Macron dhe 48-vje\u00e7arit Emmanuel Macron, pasi ai ishte student kur takoi gruan e tij. Emmanuel Macron ishte vet\u00ebm 15 vje\u00e7 dhe ndiqte shkoll\u00ebn private La Providence n\u00eb Amiens, ku ajo jepte m\u00ebsim.<\/p>\n","protected":false},"excerpt":{"rendered":"<p>Vajza 42-vje\u00e7are e Brigitte Macron thuhet se \u00ebsht\u00eb n\u00eb nj\u00eb lidhje me nj\u00eb student 20 vjet m\u00eb t\u00eb ri se ajo. Tiffin Ozier, t\u00eb cil\u00ebn zonja e par\u00eb franceze e kishte nga martesa e saj e par\u00eb me Andr\u00e9-Louis Ozier, shfaqet n\u00eb nj\u00eb video t\u00eb postuar n\u00eb Instagram nga 22-vje\u00e7ari Antoine Lecomte, n\u00eb momente t\u00eb<\/p>\n","protected":false},"author":1,"featured_media":16660,"comment_status":"open","ping_status":"open","sticky":false,"template":"","format":"standard","meta":{"footnotes":""},"categories":[10],"tags":[],"class_list":{"0":"post-16659","1":"post","2":"type-post","3":"status-publish","4":"format-standard","5":"has-post-thumbnail","7":"category-showbiz"},"_links":{"self":[{"href":"https:\/\/revistatrend.com\/index.php\/wp-json\/wp\/v2\/posts\/16659","targetHints":{"allow":["GET"]}}],"collection":[{"href":"https:\/\/revistatrend.com\/index.php\/wp-json\/wp\/v2\/posts"}],"about":[{"href":"https:\/\/revistatrend.com\/index.php\/wp-json\/wp\/v2\/types\/post"}],"author":[{"embeddable":true,"href":"https:\/\/revistatrend.com\/index.php\/wp-json\/wp\/v2\/users\/1"}],"replies":[{"embeddable":true,"href":"https:\/\/revistatrend.com\/index.php\/wp-json\/wp\/v2\/comments?post=16659"}],"version-history":[{"count":1,"href":"https:\/\/revistatrend.com\/index.php\/wp-json\/wp\/v2\/posts\/16659\/revisions"}],"predecessor-version":[{"id":16661,"href":"https:\/\/revistatrend.com\/index.php\/wp-json\/wp\/v2\/posts\/16659\/revisions\/16661"}],"wp:featuredmedia":[{"embeddable":true,"href":"https:\/\/revistatrend.com\/index.php\/wp-json\/wp\/v2\/media\/16660"}],"wp:attachment":[{"href":"https:\/\/revistatrend.com\/index.php\/wp-json\/wp\/v2\/media?parent=16659"}],"wp:term":[{"taxonomy":"category","embeddable":true,"href":"https:\/\/revistatrend.com\/index.php\/wp-json\/wp\/v2\/categories?post=16659"},{"taxonomy":"post_tag","embeddable":true,"href":"https:\/\/revistatrend.com\/index.php\/wp-json\/wp\/v2\/tags?post=16659"}],"curies":[{"name":"wp","href":"https:\/\/api.w.org\/{rel}","templated":true}]}}