{"id":16665,"date":"2026-09-02T15:48:34","date_gmt":"2026-09-02T15:48:34","guid":{"rendered":"https:\/\/revistatrend.com\/?p=16665"},"modified":"2026-09-02T15:48:34","modified_gmt":"2026-09-02T15:48:34","slug":"mes-emocioneve-dhe-loteve-kengetarja-e-famshme-perfundon-turneun-dhe-terhiqet-nga-jeta-publike","status":"publish","type":"post","link":"https:\/\/revistatrend.com\/index.php\/2026\/09\/02\/mes-emocioneve-dhe-loteve-kengetarja-e-famshme-perfundon-turneun-dhe-terhiqet-nga-jeta-publike\/","title":{"rendered":"Mes emocioneve dhe lot\u00ebve, k\u00ebng\u00ebtarja e famshme p\u00ebrfundon turneun dhe t\u00ebrhiqet nga jeta publike"},"content":{"rendered":"<p>K\u00ebng\u00ebtarja e famshme, Ariana Grande, i ka dh\u00ebn\u00eb fund turneut t\u00eb saj \u201cEternal Sunshine\u201d n\u00eb Lond\u00ebr, n\u00eb nj\u00eb mbr\u00ebmje t\u00eb mbushur me emocione, nd\u00ebrsa t\u00ebrhiqet nga jeta publike.<\/p>\n<p>Gjat\u00eb koncertit t\u00eb s\u00eb mart\u00ebs n\u00eb mbr\u00ebmje, Grande u shfaq n\u00eb disa momente gati duke qar\u00eb, ve\u00e7an\u00ebrisht gjat\u00eb interpretimit t\u00eb k\u00ebng\u00ebs \u201cOne Last Time\u201d, e cila mori nj\u00eb dometh\u00ebnie t\u00eb ve\u00e7ant\u00eb pas sulmit terrorist n\u00eb Manchester n\u00eb vitin 2017 dhe u kthye n\u00eb nj\u00eb prej k\u00ebng\u00ebve simbol p\u00ebr t\u00eb mbijetuarit dhe familjar\u00ebt e viktimave.<\/p>\n<p>\u201cLond\u00ebr, do t\u00eb kem nevoj\u00eb q\u00eb t\u00eb m\u00eb ndihmoni me k\u00ebt\u00eb\u201d, u shpreh Grande gjat\u00eb performanc\u00ebs, nd\u00ebrsa u ul n\u00eb gjunj\u00eb p\u00ebr t\u2019iu afruar publikut.<\/p>\n<p>Muajin e kaluar, Ariana Grande njoftoi se do t\u00eb marr\u00eb nj\u00eb pushim nga angazhimet e ardhshme q\u00eb e vendosin n\u00eb qend\u00ebr t\u00eb v\u00ebmendjes publike. Vendimi erdhi pas muajsh spekulimesh dhe diskutimesh intensive n\u00eb rrjetet sociale rreth sh\u00ebndetit dhe pamjes s\u00eb saj.<\/p>\n<p>T\u00ebrheqja nga aktivitetet publike p\u00ebrfshin edhe largimin e saj nga produksioni teatror \u201cSunday in the Park with George\u201d, vep\u00ebr e Stephen Sondheim, q\u00eb pritej t\u00eb vihej n\u00eb sken\u00eb n\u00eb Barbican t\u00eb Londr\u00ebs ver\u00ebn e ardhshme.<\/p>\n<p>Grande do t\u00eb duhej t\u00eb luante krah kolegut t\u00eb saj nga filmi \u201cWicked\u201d, Jonathan Bailey. Edhe Bailey njoftoi t\u00eb mart\u00ebn se nuk do t\u00eb jet\u00eb pjes\u00eb e produksionit.<\/p>\n","protected":false},"excerpt":{"rendered":"<p>K\u00ebng\u00ebtarja e famshme, Ariana Grande, i ka dh\u00ebn\u00eb fund turneut t\u00eb saj \u201cEternal Sunshine\u201d n\u00eb Lond\u00ebr, n\u00eb nj\u00eb mbr\u00ebmje t\u00eb mbushur me emocione, nd\u00ebrsa t\u00ebrhiqet nga jeta publike. Gjat\u00eb koncertit t\u00eb s\u00eb mart\u00ebs n\u00eb mbr\u00ebmje, Grande u shfaq n\u00eb disa momente gati duke qar\u00eb, ve\u00e7an\u00ebrisht gjat\u00eb interpretimit t\u00eb k\u00ebng\u00ebs \u201cOne Last Time\u201d, e cila mori<\/p>\n","protected":false},"author":1,"featured_media":16666,"comment_status":"open","ping_status":"open","sticky":false,"template":"","format":"standard","meta":{"footnotes":""},"categories":[10],"tags":[],"class_list":{"0":"post-16665","1":"post","2":"type-post","3":"status-publish","4":"format-standard","5":"has-post-thumbnail","7":"category-showbiz"},"_links":{"self":[{"href":"https:\/\/revistatrend.com\/index.php\/wp-json\/wp\/v2\/posts\/16665","targetHints":{"allow":["GET"]}}],"collection":[{"href":"https:\/\/revistatrend.com\/index.php\/wp-json\/wp\/v2\/posts"}],"about":[{"href":"https:\/\/revistatrend.com\/index.php\/wp-json\/wp\/v2\/types\/post"}],"author":[{"embeddable":true,"href":"https:\/\/revistatrend.com\/index.php\/wp-json\/wp\/v2\/users\/1"}],"replies":[{"embeddable":true,"href":"https:\/\/revistatrend.com\/index.php\/wp-json\/wp\/v2\/comments?post=16665"}],"version-history":[{"count":1,"href":"https:\/\/revistatrend.com\/index.php\/wp-json\/wp\/v2\/posts\/16665\/revisions"}],"predecessor-version":[{"id":16667,"href":"https:\/\/revistatrend.com\/index.php\/wp-json\/wp\/v2\/posts\/16665\/revisions\/16667"}],"wp:featuredmedia":[{"embeddable":true,"href":"https:\/\/revistatrend.com\/index.php\/wp-json\/wp\/v2\/media\/16666"}],"wp:attachment":[{"href":"https:\/\/revistatrend.com\/index.php\/wp-json\/wp\/v2\/media?parent=16665"}],"wp:term":[{"taxonomy":"category","embeddable":true,"href":"https:\/\/revistatrend.com\/index.php\/wp-json\/wp\/v2\/categories?post=16665"},{"taxonomy":"post_tag","embeddable":true,"href":"https:\/\/revistatrend.com\/index.php\/wp-json\/wp\/v2\/tags?post=16665"}],"curies":[{"name":"wp","href":"https:\/\/api.w.org\/{rel}","templated":true}]}}