{"id":16668,"date":"2026-09-02T15:49:44","date_gmt":"2026-09-02T15:49:44","guid":{"rendered":"https:\/\/revistatrend.com\/?p=16668"},"modified":"2026-09-02T15:49:44","modified_gmt":"2026-09-02T15:49:44","slug":"skandal-ne-showbiz-in-italian-ish-partneri-akuza-belen-rodriguez-shkoi-ne-shtrat-me-burrin-e-motres","status":"publish","type":"post","link":"https:\/\/revistatrend.com\/index.php\/2026\/09\/02\/skandal-ne-showbiz-in-italian-ish-partneri-akuza-belen-rodriguez-shkoi-ne-shtrat-me-burrin-e-motres\/","title":{"rendered":"Skandal n\u00eb showbiz-in italian, ish-partneri akuza Belen Rodriguez: Shkoi n\u00eb shtrat me burrin e motr\u00ebs!"},"content":{"rendered":"<p>Nj\u00eb deklarat\u00eb e\u00a0<strong>Fabrizio Corona<\/strong>-s ka tronditur bot\u00ebn e showbiz-it italian dhe ka rikthyer n\u00eb qend\u00ebr t\u00eb v\u00ebmendjes nj\u00eb nga misteret m\u00eb t\u00eb m\u00ebdha q\u00eb ka rrethuar familjen Rodriguez.<\/p>\n<p>N\u00eb episodin e fundit t\u00eb \u201cFalsissimo\u201d, Corona ka hedhur nj\u00eb pretendim jasht\u00ebzakonisht t\u00eb r\u00ebnd\u00eb:<strong>\u00a0Bel\u00e9n Rodriguez dhe Ignazio Moser<\/strong>, partneri i motr\u00ebs s\u00eb saj Cecilia, kan\u00eb pasur nj\u00eb marr\u00ebdh\u00ebnie intime.<\/p>\n<p><img decoding=\"async\" src=\"https:\/\/cdnimpuls.com\/piranjat.al\/media3\/-640-0-1788345659x2026-09-02-12-39-56-0-450-belen-rodriguez-2-1788344598-866.jpg\" alt=\"Skandal n\u00eb showbiz-in italian, ish-partneri akuza Belen Rodriguez: Shkoi\" width=\"100%\" data-size=\"x\" data-id=\"582239\" \/><\/p>\n<p>Sipas versionit t\u00eb Corona-s, nuk b\u00ebhet fjal\u00eb thjesht p\u00ebr nj\u00eb flirt apo p\u00ebr nj\u00eb episod t\u00eb par\u00ebnd\u00ebsish\u00ebm. Ai pretendon se Bel\u00e9n dhe Ignazio kan\u00eb shkuar bashk\u00eb, nd\u00ebrsa Cecilia nuk kishte qen\u00eb n\u00eb dijeni t\u00eb asaj q\u00eb kishte ndodhur.<\/p>\n<p>\u00cbsht\u00eb pik\u00ebrisht ky pretendim q\u00eb e ka b\u00ebr\u00eb historin\u00eb edhe m\u00eb trondit\u00ebse, duke rikthyer n\u00eb v\u00ebmendje krisjen e madhe q\u00eb dikur ndau dy motrat Rodriguez.<\/p>\n<p><img decoding=\"async\" src=\"https:\/\/cdnimpuls.com\/piranjat.al\/media3\/-640-0-1788345660x2026-09-02-12-39-43-0-450-belen-rodriguez-9-1788344603-934.jpg\" alt=\"Skandal n\u00eb showbiz-in italian, ish-partneri akuza Belen Rodriguez: Shkoi\" width=\"100%\" data-size=\"x\" data-id=\"582242\" \/><\/p>\n<p>Corona pretendon se historia daton n\u00eb periudh\u00ebn e pandemis\u00eb, kur Bel\u00e9n e ka telefonuar dhe i ka r\u00ebfyer detaje nga jeta e saj private.<\/p>\n<p>Sipas rr\u00ebfimit t\u00eb tij, mes showgirl-it dhe Ignazio Moser kishte ndodhur di\u00e7ka q\u00eb shpjegon edhe shum\u00eb prej pik\u00ebpyetjeve q\u00eb kan\u00eb shoq\u00ebruar marr\u00ebdh\u00ebnien mes Bel\u00e9n dhe Cecilia nd\u00ebr vite.<\/p>\n<p><img decoding=\"async\" src=\"https:\/\/cdnimpuls.com\/piranjat.al\/media3\/-640-0-1788345660x2026-09-02-12-39-48-0-450-belen-rodriguez-8-1788344601-757.jpg\" alt=\"Skandal n\u00eb showbiz-in italian, ish-partneri akuza Belen Rodriguez: Shkoi\" width=\"100%\" data-size=\"x\" data-id=\"582241\" \/><\/p>\n<p>Megjithat\u00eb, nuk ekziston asnj\u00eb konfirmim i pavarur p\u00ebr k\u00ebt\u00eb histori. As Bel\u00e9n dhe as Ignazio nuk e kan\u00eb konfirmuar pretendimin e Corona-s, ndaj b\u00ebhet fjal\u00eb vet\u00ebm p\u00ebr versionin e tij.<\/p>\n<p>Pas deklaratave t\u00eb Corona-s, nj\u00eb tjet\u00ebr detaj i s\u00eb kaluar\u00ebs s\u00eb Bel\u00e9n ka marr\u00eb nj\u00eb tjet\u00ebr kuptim.<\/p>\n<p><img decoding=\"async\" src=\"https:\/\/cdnimpuls.com\/piranjat.al\/media3\/-640-0-1788345660x2026-09-02-12-39-53-0-450-belen-rodriguez-6-1788344600-397.jpg\" alt=\"Skandal n\u00eb showbiz-in italian, ish-partneri akuza Belen Rodriguez: Shkoi\" width=\"100%\" data-size=\"x\" data-id=\"582240\" \/><\/p>\n<p>N\u00eb vitin 2025, gjat\u00eb intervist\u00ebs n\u00eb \u201cBelve\u201d, Bel\u00e9n kishte pranuar se gjat\u00eb kriz\u00ebs me Cecilia-n kishte b\u00ebr\u00eb nj\u00eb \u201cmarr\u00ebzi\u201d. Ajo nuk dha asnj\u00ebher\u00eb detaje se \u00e7far\u00eb kishte ndodhur, duke l\u00ebn\u00eb gjith\u00e7ka t\u00eb mb\u00ebshtjell\u00eb me mister.<\/p>\n","protected":false},"excerpt":{"rendered":"<p>Nj\u00eb deklarat\u00eb e\u00a0Fabrizio Corona-s ka tronditur bot\u00ebn e showbiz-it italian dhe ka rikthyer n\u00eb qend\u00ebr t\u00eb v\u00ebmendjes nj\u00eb nga misteret m\u00eb t\u00eb m\u00ebdha q\u00eb ka rrethuar familjen Rodriguez. N\u00eb episodin e fundit t\u00eb \u201cFalsissimo\u201d, Corona ka hedhur nj\u00eb pretendim jasht\u00ebzakonisht t\u00eb r\u00ebnd\u00eb:\u00a0Bel\u00e9n Rodriguez dhe Ignazio Moser, partneri i motr\u00ebs s\u00eb saj Cecilia, kan\u00eb pasur nj\u00eb<\/p>\n","protected":false},"author":1,"featured_media":16669,"comment_status":"open","ping_status":"open","sticky":false,"template":"","format":"standard","meta":{"footnotes":""},"categories":[10],"tags":[],"class_list":{"0":"post-16668","1":"post","2":"type-post","3":"status-publish","4":"format-standard","5":"has-post-thumbnail","7":"category-showbiz"},"_links":{"self":[{"href":"https:\/\/revistatrend.com\/index.php\/wp-json\/wp\/v2\/posts\/16668","targetHints":{"allow":["GET"]}}],"collection":[{"href":"https:\/\/revistatrend.com\/index.php\/wp-json\/wp\/v2\/posts"}],"about":[{"href":"https:\/\/revistatrend.com\/index.php\/wp-json\/wp\/v2\/types\/post"}],"author":[{"embeddable":true,"href":"https:\/\/revistatrend.com\/index.php\/wp-json\/wp\/v2\/users\/1"}],"replies":[{"embeddable":true,"href":"https:\/\/revistatrend.com\/index.php\/wp-json\/wp\/v2\/comments?post=16668"}],"version-history":[{"count":1,"href":"https:\/\/revistatrend.com\/index.php\/wp-json\/wp\/v2\/posts\/16668\/revisions"}],"predecessor-version":[{"id":16670,"href":"https:\/\/revistatrend.com\/index.php\/wp-json\/wp\/v2\/posts\/16668\/revisions\/16670"}],"wp:featuredmedia":[{"embeddable":true,"href":"https:\/\/revistatrend.com\/index.php\/wp-json\/wp\/v2\/media\/16669"}],"wp:attachment":[{"href":"https:\/\/revistatrend.com\/index.php\/wp-json\/wp\/v2\/media?parent=16668"}],"wp:term":[{"taxonomy":"category","embeddable":true,"href":"https:\/\/revistatrend.com\/index.php\/wp-json\/wp\/v2\/categories?post=16668"},{"taxonomy":"post_tag","embeddable":true,"href":"https:\/\/revistatrend.com\/index.php\/wp-json\/wp\/v2\/tags?post=16668"}],"curies":[{"name":"wp","href":"https:\/\/api.w.org\/{rel}","templated":true}]}}