{"id":16671,"date":"2026-09-03T13:09:06","date_gmt":"2026-09-03T13:09:06","guid":{"rendered":"https:\/\/revistatrend.com\/?p=16671"},"modified":"2026-09-03T13:09:06","modified_gmt":"2026-09-03T13:09:06","slug":"kylie-jenner-rrefen-pendesen-per-nje-nga-blerjet-e-saj-me-te-medha-e-humba-kontrollin-e-jetes-sime","status":"publish","type":"post","link":"https:\/\/revistatrend.com\/index.php\/2026\/09\/03\/kylie-jenner-rrefen-pendesen-per-nje-nga-blerjet-e-saj-me-te-medha-e-humba-kontrollin-e-jetes-sime\/","title":{"rendered":"Kylie Jenner rr\u00ebfen pendes\u00ebn p\u00ebr nj\u00eb nga blerjet e saj m\u00eb t\u00eb m\u00ebdha: \u201cE humba kontrollin e jet\u00ebs sime\u201d"},"content":{"rendered":"<p>Kylie Jenner ka reflektuar mbi nj\u00eb nga blerjet m\u00eb t\u00eb m\u00ebdha t\u00eb pasurive t\u00eb patundshme q\u00eb ka b\u00ebr\u00eb n\u00eb mosh\u00eb t\u00eb re, duke pranuar se nj\u00eb periudh\u00eb e jet\u00ebs s\u00eb saj ishte b\u00ebr\u00eb \u201cshum\u00eb e madhe\u201d p\u00ebr t\u2019u menaxhuar.<\/p>\n<p>N\u00eb nj\u00eb intervist\u00eb p\u00ebr \u201cWho What Wear\u201d, sip\u00ebrmarr\u00ebsja dhe ylli televiziv tregoi se me kalimin e viteve ka ndryshuar m\u00ebnyr\u00ebn se si e koncepton luksin dhe m\u00ebnyr\u00ebn e jetes\u00ebs.<\/p>\n<p><img decoding=\"async\" src=\"https:\/\/cdnimpuls.com\/piranjat.al\/media3\/-640-0-1b15779bf2954f77249bb85f5f5c3a41.webp\" alt=\"Kylie Jenner rr\u00ebfen pendes\u00ebn p\u00ebr nj\u00eb nga blerjet e saj\" width=\"100%\" data-size=\"x\" data-id=\"582586\" \/><\/p>\n<p>Jenner kujtoi se kur ishte m\u00eb e re, e shihte nj\u00eb jet\u00eb luksoze dhe nj\u00eb sht\u00ebpi madh\u00ebshtore si di\u00e7ka shum\u00eb t\u00eb r\u00ebnd\u00ebsishme p\u00ebr t\u00eb.<\/p>\n<p><img decoding=\"async\" src=\"https:\/\/cdnimpuls.com\/piranjat.al\/media3\/-640-0-6b679a4e31e8007d4366d7ad91056433.webp\" alt=\"Kylie Jenner rr\u00ebfen pendes\u00ebn p\u00ebr nj\u00eb nga blerjet e saj\" width=\"100%\" data-size=\"x\" data-id=\"582585\" \/><\/p>\n<blockquote><p>E nd\u00ebrrova mendjen p\u00ebr k\u00ebt\u00eb. Kur isha m\u00eb e re, isha shum\u00eb e emocionuar dhe bleva sht\u00ebpin\u00eb m\u00eb t\u00eb \u00e7mendur n\u00eb Beverly Hills dhe thjesht kalova n\u00ebp\u00ebr at\u00eb proces<\/p><\/blockquote>\n<p>Megjithat\u00eb, m\u00eb von\u00eb kuptoi se luksi i tepruar nuk i sillte domosdoshm\u00ebrisht at\u00eb q\u00eb k\u00ebrkonte.<\/p>\n<blockquote><p>E kuptova se jeta ime ishte b\u00ebr\u00eb shum\u00eb e madhe. Mendoj se e humba kontrollin e jet\u00ebs sime atje p\u00ebr nj\u00eb koh\u00eb<\/p><\/blockquote>\n<p>B\u00ebhet fjal\u00eb p\u00ebr rezidenc\u00ebn n\u00eb Beverly Hills, t\u00eb cil\u00ebn Kylie e bleu n\u00eb vitin 2018 s\u00eb bashku me ish-partnerin e saj, Travis Scott, p\u00ebr 13.5 milion\u00eb dollar\u00eb.<\/p>\n<p>Me kalimin e koh\u00ebs, duket se Jenner ka ndryshuar preferencat e saj p\u00ebr m\u00ebnyr\u00ebn se si d\u00ebshiron t\u00eb jetoj\u00eb dhe t\u00eb ndihet n\u00eb sht\u00ebpin\u00eb e saj.<\/p>\n<p>M\u00eb her\u00ebt k\u00ebt\u00eb vit, Jenner foli edhe p\u00ebr rezidenc\u00ebn e saj t\u00eb re n\u00eb Hidden Hills, Kaliforni, duke zbuluar disa nga detajet q\u00eb e b\u00ebjn\u00eb at\u00eb m\u00eb t\u00eb p\u00ebrshtatshme p\u00ebr shijet e saj.<\/p>\n<p>Sht\u00ebpia p\u00ebrfshin kuzhin\u00ebn e \u00ebndrrave t\u00eb saj, mure guri dhe pajisje me stil vintage, duke reflektuar nj\u00eb estetik\u00eb m\u00eb personale dhe m\u00eb t\u00eb ngroht\u00eb, ndryshe nga ideja e luksit ekstrem q\u00eb kishte kur ishte m\u00eb e re.<\/p>\n","protected":false},"excerpt":{"rendered":"<p>Kylie Jenner ka reflektuar mbi nj\u00eb nga blerjet m\u00eb t\u00eb m\u00ebdha t\u00eb pasurive t\u00eb patundshme q\u00eb ka b\u00ebr\u00eb n\u00eb mosh\u00eb t\u00eb re, duke pranuar se nj\u00eb periudh\u00eb e jet\u00ebs s\u00eb saj ishte b\u00ebr\u00eb \u201cshum\u00eb e madhe\u201d p\u00ebr t\u2019u menaxhuar. N\u00eb nj\u00eb intervist\u00eb p\u00ebr \u201cWho What Wear\u201d, sip\u00ebrmarr\u00ebsja dhe ylli televiziv tregoi se me kalimin e<\/p>\n","protected":false},"author":1,"featured_media":16672,"comment_status":"open","ping_status":"open","sticky":false,"template":"","format":"standard","meta":{"footnotes":""},"categories":[10],"tags":[],"class_list":{"0":"post-16671","1":"post","2":"type-post","3":"status-publish","4":"format-standard","5":"has-post-thumbnail","7":"category-showbiz"},"_links":{"self":[{"href":"https:\/\/revistatrend.com\/index.php\/wp-json\/wp\/v2\/posts\/16671","targetHints":{"allow":["GET"]}}],"collection":[{"href":"https:\/\/revistatrend.com\/index.php\/wp-json\/wp\/v2\/posts"}],"about":[{"href":"https:\/\/revistatrend.com\/index.php\/wp-json\/wp\/v2\/types\/post"}],"author":[{"embeddable":true,"href":"https:\/\/revistatrend.com\/index.php\/wp-json\/wp\/v2\/users\/1"}],"replies":[{"embeddable":true,"href":"https:\/\/revistatrend.com\/index.php\/wp-json\/wp\/v2\/comments?post=16671"}],"version-history":[{"count":1,"href":"https:\/\/revistatrend.com\/index.php\/wp-json\/wp\/v2\/posts\/16671\/revisions"}],"predecessor-version":[{"id":16673,"href":"https:\/\/revistatrend.com\/index.php\/wp-json\/wp\/v2\/posts\/16671\/revisions\/16673"}],"wp:featuredmedia":[{"embeddable":true,"href":"https:\/\/revistatrend.com\/index.php\/wp-json\/wp\/v2\/media\/16672"}],"wp:attachment":[{"href":"https:\/\/revistatrend.com\/index.php\/wp-json\/wp\/v2\/media?parent=16671"}],"wp:term":[{"taxonomy":"category","embeddable":true,"href":"https:\/\/revistatrend.com\/index.php\/wp-json\/wp\/v2\/categories?post=16671"},{"taxonomy":"post_tag","embeddable":true,"href":"https:\/\/revistatrend.com\/index.php\/wp-json\/wp\/v2\/tags?post=16671"}],"curies":[{"name":"wp","href":"https:\/\/api.w.org\/{rel}","templated":true}]}}