{"id":16674,"date":"2026-09-03T13:10:36","date_gmt":"2026-09-03T13:10:36","guid":{"rendered":"https:\/\/revistatrend.com\/?p=16674"},"modified":"2026-09-03T13:10:36","modified_gmt":"2026-09-03T13:10:36","slug":"foto-e-lidhen-me-bora-zemanin-per-5-vitet-e-perndjekjes-reagon-beatrix-ramosaj","status":"publish","type":"post","link":"https:\/\/revistatrend.com\/index.php\/2026\/09\/03\/foto-e-lidhen-me-bora-zemanin-per-5-vitet-e-perndjekjes-reagon-beatrix-ramosaj\/","title":{"rendered":"FOTO\/ E lidh\u00ebn me Bora Zemanin p\u00ebr \u201c5 vitet e p\u00ebrndjekjes\u201d, reagon Beatrix Ramosaj"},"content":{"rendered":"<p>Disa postime t\u00eb Beatrix Ramosajt n\u00eb Instagram kan\u00eb rikthyer p\u00ebr pak koh\u00eb v\u00ebmendjen te nj\u00eb prej historive m\u00eb t\u00eb komentuara t\u00eb \u201cBig Brother VIP Albania\u201d.<\/p>\n<p>K\u00ebng\u00ebtarja foli p\u00ebr nj\u00eb person q\u00eb, sipas saj, e p\u00ebrndjek prej m\u00eb shum\u00eb se pes\u00eb vitesh, nd\u00ebrsa n\u00eb rrjet nis\u00ebn menj\u00ebher\u00eb aludimet se mesazhi mund t\u2019i drejtohej Bora Zemanit.<\/p>\n<p>Beatrix pretendoi se personi n\u00eb fjal\u00eb ka krijuar mbi 200 llogari false dhe ka kontaktuar familjar\u00eb, miq, por edhe persona q\u00eb ajo thjesht ndjek n\u00eb rrjetet sociale, me q\u00ebllim q\u00eb t\u00eb marr\u00eb informacione rreth jet\u00ebs s\u00eb saj.<\/p>\n<p>\u201c<em>Mbi 200 llogari false. Duke kontaktuar familjen time, miqt\u00eb e mi dhe madje edhe njer\u00ebz q\u00eb thjesht i ndjek, duke u p\u00ebrpjekur t\u00eb marr\u00ebsh informacione p\u00ebr mua\u201d<\/em>, shkroi nd\u00ebr t\u00eb tjera k\u00ebng\u00ebtarja.<\/p>\n<p>P\u00ebrmendja e periudh\u00ebs prej pes\u00eb vitesh b\u00ebri q\u00eb disa ndjek\u00ebs ta lidhnin reagimin me historin\u00eb Beatrix\u2013Donald Veshaj\u2013Bora Zemani, e cila nisi t\u00eb komentohej gjat\u00eb edicionit t\u00eb par\u00eb t\u00eb BBVA. Brenda sht\u00ebpis\u00eb, Beatrix dhe Donaldi krijuan nj\u00eb raport romantik, nd\u00ebrkoh\u00eb q\u00eb marr\u00ebdh\u00ebnia e m\u00ebparshme e tij me Bor\u00ebn vazhdonte t\u00eb ishte n\u00eb qend\u00ebr t\u00eb diskutimeve.<\/p>\n<p>Por Beatrix ka reaguar s\u00ebrish dhe ka mohuar kategorikisht k\u00ebt\u00eb interpretim.<\/p>\n<p><em>\u201cJo ata q\u00eb po p\u00ebrpiqen ta kthejn\u00eb k\u00ebt\u00eb n\u00eb dram\u00eb Big Brother-i. Interpretimi \u00ebsht\u00eb i \u00e7mendur<\/em>\u201d, shkroi ajo, p\u00ebrpara se t\u00eb sqaronte se personi p\u00ebr t\u00eb cilin po fliste nuk kishte lidhje me historin\u00eb e BBVA.<\/p>\n<p><em>\u201cPo flas p\u00ebr NJ\u00cb person q\u00eb m\u00eb p\u00ebrndjek dhe m\u00eb ngacmon prej m\u00eb shum\u00eb se 5 VITESH p\u00ebrmes qindra llogarive false, duke kontaktuar familjen dhe miqt\u00eb e mi. NUK KA ASNJ\u00cb LIDHJE ME BIG BROTHER-IN!!<\/em>\u201d, sqaroi Beatrix.<\/p>\n<p><img decoding=\"async\" src=\"https:\/\/cdnimpuls.com\/piranjat.al\/media3\/-640-0-1788425615x640-0-1png-1788423004-269.png\" alt=\"FOTO\/ E lidh\u00ebn me Bora Zemanin p\u00ebr \u201c5 vitet e\" width=\"100%\" data-size=\"x\" data-id=\"582523\" \/><\/p>\n<p>K\u00ebshtu, pavar\u00ebsisht aludimeve q\u00eb soll\u00ebn s\u00ebrish n\u00eb diskutim emrin e Bora Zemanit, vet\u00eb Beatrix i ka hedhur posht\u00eb ato. Ajo nuk ka zbuluar identitetin e personit p\u00ebr t\u00eb cilin flet, ndaj pretendimet p\u00ebr p\u00ebrndjekjen mbeten t\u00eb lidhura me nj\u00eb person t\u00eb paidentifikuar publikisht.<\/p>\n","protected":false},"excerpt":{"rendered":"<p>Disa postime t\u00eb Beatrix Ramosajt n\u00eb Instagram kan\u00eb rikthyer p\u00ebr pak koh\u00eb v\u00ebmendjen te nj\u00eb prej historive m\u00eb t\u00eb komentuara t\u00eb \u201cBig Brother VIP Albania\u201d. K\u00ebng\u00ebtarja foli p\u00ebr nj\u00eb person q\u00eb, sipas saj, e p\u00ebrndjek prej m\u00eb shum\u00eb se pes\u00eb vitesh, nd\u00ebrsa n\u00eb rrjet nis\u00ebn menj\u00ebher\u00eb aludimet se mesazhi mund t\u2019i drejtohej Bora Zemanit. Beatrix<\/p>\n","protected":false},"author":1,"featured_media":16675,"comment_status":"open","ping_status":"open","sticky":false,"template":"","format":"standard","meta":{"footnotes":""},"categories":[10],"tags":[],"class_list":{"0":"post-16674","1":"post","2":"type-post","3":"status-publish","4":"format-standard","5":"has-post-thumbnail","7":"category-showbiz"},"_links":{"self":[{"href":"https:\/\/revistatrend.com\/index.php\/wp-json\/wp\/v2\/posts\/16674","targetHints":{"allow":["GET"]}}],"collection":[{"href":"https:\/\/revistatrend.com\/index.php\/wp-json\/wp\/v2\/posts"}],"about":[{"href":"https:\/\/revistatrend.com\/index.php\/wp-json\/wp\/v2\/types\/post"}],"author":[{"embeddable":true,"href":"https:\/\/revistatrend.com\/index.php\/wp-json\/wp\/v2\/users\/1"}],"replies":[{"embeddable":true,"href":"https:\/\/revistatrend.com\/index.php\/wp-json\/wp\/v2\/comments?post=16674"}],"version-history":[{"count":1,"href":"https:\/\/revistatrend.com\/index.php\/wp-json\/wp\/v2\/posts\/16674\/revisions"}],"predecessor-version":[{"id":16676,"href":"https:\/\/revistatrend.com\/index.php\/wp-json\/wp\/v2\/posts\/16674\/revisions\/16676"}],"wp:featuredmedia":[{"embeddable":true,"href":"https:\/\/revistatrend.com\/index.php\/wp-json\/wp\/v2\/media\/16675"}],"wp:attachment":[{"href":"https:\/\/revistatrend.com\/index.php\/wp-json\/wp\/v2\/media?parent=16674"}],"wp:term":[{"taxonomy":"category","embeddable":true,"href":"https:\/\/revistatrend.com\/index.php\/wp-json\/wp\/v2\/categories?post=16674"},{"taxonomy":"post_tag","embeddable":true,"href":"https:\/\/revistatrend.com\/index.php\/wp-json\/wp\/v2\/tags?post=16674"}],"curies":[{"name":"wp","href":"https:\/\/api.w.org\/{rel}","templated":true}]}}