{"id":16677,"date":"2026-09-03T13:13:46","date_gmt":"2026-09-03T13:13:46","guid":{"rendered":"https:\/\/revistatrend.com\/?p=16677"},"modified":"2026-09-03T13:13:46","modified_gmt":"2026-09-03T13:13:46","slug":"vemendje-cizmet-qe-do-te-shohim-kudo-kete-vjeshte-sapo-i-zgjodhi-selena-gomez","status":"publish","type":"post","link":"https:\/\/revistatrend.com\/index.php\/2026\/09\/03\/vemendje-cizmet-qe-do-te-shohim-kudo-kete-vjeshte-sapo-i-zgjodhi-selena-gomez\/","title":{"rendered":"V\u00ebmendje: \u00c7izmet q\u00eb do t\u00eb shohim kudo k\u00ebt\u00eb vjesht\u00eb sapo i zgjodhi Selena Gomez"},"content":{"rendered":"<p>N\u00ebse ke par\u00eb tashm\u00eb tendencat e \u00e7izmeve p\u00ebr vjesht\u00ebn, me siguri nj\u00eb model t\u00eb ka r\u00ebn\u00eb n\u00eb sy: \u00e7izmet me frym\u00eb misterioze, t\u00eb frym\u00ebzuara nga estetika viktoriane. Ato u shfaq\u00ebn n\u00eb pasarelat e koleksioneve vjesht\u00eb-dim\u00ebr 2026 t\u00eb disa prej emrave t\u00eb m\u00ebdhenj t\u00eb mod\u00ebs, nd\u00ebrsa s\u00eb fundmi u pan\u00eb edhe te Selena Gomez gjat\u00eb q\u00ebndrimit t\u00eb saj n\u00eb Venecia.<\/p>\n<p><img decoding=\"async\" src=\"https:\/\/cdnimpuls.com\/o.anabel.al\/media4\/2026\/09\/1-6a967c01384b4.webp\" alt=\"\" width=\"100%\" height=\"auto\" \/><\/p>\n<p>Modeli dallohet kryesisht nga pjesa e p\u00ebrparme e ngritur e \u00e7izmes, e cila mund t\u00eb jet\u00eb e mpreht\u00eb ose katrore, si edhe nga lidh\u00ebset. \u00c7izmet q\u00eb zgjodhi Gomez kishin maj\u00ebn e ngritur dhe krijonin menj\u00ebher\u00eb at\u00eb pamjen paksa t\u00eb err\u00ebt e misterioze q\u00eb po rikthehet k\u00ebt\u00eb vjesht\u00eb.<\/p>\n<p>Gomez e kombinoi veshjen me nj\u00eb bluz\u00eb kafe me jak\u00eb t\u00eb lart\u00eb dhe nj\u00eb fund t\u00eb gjat\u00eb prej kamoshi n\u00eb t\u00eb nj\u00ebjt\u00ebn nuanc\u00eb. \u00c7izmet, pavar\u00ebsisht em\u00ebrtimit t\u00eb tyre misterioz, nuk dukeshin aspak si pjes\u00eb e nj\u00eb kostumi. Maja e tyre e p\u00ebrthyer leht\u00eb i jepte modelit nj\u00eb pamje elegante dhe t\u00eb ve\u00e7ant\u00eb.<\/p>\n<p><img decoding=\"async\" src=\"https:\/\/cdnimpuls.com\/o.anabel.al\/media4\/2026\/09\/2-6a967c0176c62.webp\" alt=\"\" width=\"100%\" height=\"auto\" \/><\/p>\n<p>Por \u00e7izmet e Gomez p\u00ebrputhen edhe me nj\u00eb tjet\u00ebr tendenc\u00eb t\u00eb r\u00ebnd\u00ebsishme t\u00eb vjesht\u00ebs: \u00e7izmet e gjera dhe t\u00eb mbledhura, me frym\u00eb boheme. Pjesa e gjat\u00eb e \u00e7izmes krijonte pik\u00ebrisht at\u00eb efekt t\u00eb lirsh\u00ebm dhe paksa t\u00eb rrudhosur q\u00eb pritet t\u00eb jet\u00eb shum\u00eb i pranish\u00ebm k\u00ebt\u00eb sezon.<\/p>\n<p><img decoding=\"async\" src=\"https:\/\/cdnimpuls.com\/o.anabel.al\/media4\/2026\/09\/4-6a967c01e2834.webp\" alt=\"\" width=\"100%\" height=\"auto\" \/><\/p>\n<div class=\"insertion-box\"><\/div>\n<p><img decoding=\"async\" src=\"https:\/\/cdnimpuls.com\/o.anabel.al\/media4\/2026\/09\/3-6a967c01b378c.webp\" alt=\"\" width=\"100%\" height=\"auto\" \/><\/p>\n<p><img decoding=\"async\" src=\"https:\/\/cdnimpuls.com\/o.anabel.al\/media4\/2026\/09\/5-6a967c021d014.webp\" alt=\"\" width=\"100%\" height=\"auto\" \/><\/p>\n<p>Pra, n\u00ebse po k\u00ebrkon frym\u00ebzim p\u00ebr \u00e7izmet e vjesht\u00ebs, modeli i Selena Gomez \u00ebsht\u00eb nj\u00eb nga tendencat q\u00eb ia vlen t\u00eb mbash n\u00eb radar. Me nj\u00eb maj\u00eb paksa t\u00eb ngritur, siluet\u00eb t\u00eb lirshme dhe detaje t\u00eb frym\u00ebzuara nga moda viktoriane, ky \u00ebsht\u00eb nj\u00eb rikthim i nj\u00eb stili q\u00eb duket nj\u00ebkoh\u00ebsisht romantik, misterioz dhe modern.<\/p>\n","protected":false},"excerpt":{"rendered":"<p>N\u00ebse ke par\u00eb tashm\u00eb tendencat e \u00e7izmeve p\u00ebr vjesht\u00ebn, me siguri nj\u00eb model t\u00eb ka r\u00ebn\u00eb n\u00eb sy: \u00e7izmet me frym\u00eb misterioze, t\u00eb frym\u00ebzuara nga estetika viktoriane. Ato u shfaq\u00ebn n\u00eb pasarelat e koleksioneve vjesht\u00eb-dim\u00ebr 2026 t\u00eb disa prej emrave t\u00eb m\u00ebdhenj t\u00eb mod\u00ebs, nd\u00ebrsa s\u00eb fundmi u pan\u00eb edhe te Selena Gomez gjat\u00eb q\u00ebndrimit<\/p>\n","protected":false},"author":1,"featured_media":16678,"comment_status":"open","ping_status":"open","sticky":false,"template":"","format":"standard","meta":{"footnotes":""},"categories":[7],"tags":[],"class_list":{"0":"post-16677","1":"post","2":"type-post","3":"status-publish","4":"format-standard","5":"has-post-thumbnail","7":"category-fashion"},"_links":{"self":[{"href":"https:\/\/revistatrend.com\/index.php\/wp-json\/wp\/v2\/posts\/16677","targetHints":{"allow":["GET"]}}],"collection":[{"href":"https:\/\/revistatrend.com\/index.php\/wp-json\/wp\/v2\/posts"}],"about":[{"href":"https:\/\/revistatrend.com\/index.php\/wp-json\/wp\/v2\/types\/post"}],"author":[{"embeddable":true,"href":"https:\/\/revistatrend.com\/index.php\/wp-json\/wp\/v2\/users\/1"}],"replies":[{"embeddable":true,"href":"https:\/\/revistatrend.com\/index.php\/wp-json\/wp\/v2\/comments?post=16677"}],"version-history":[{"count":1,"href":"https:\/\/revistatrend.com\/index.php\/wp-json\/wp\/v2\/posts\/16677\/revisions"}],"predecessor-version":[{"id":16679,"href":"https:\/\/revistatrend.com\/index.php\/wp-json\/wp\/v2\/posts\/16677\/revisions\/16679"}],"wp:featuredmedia":[{"embeddable":true,"href":"https:\/\/revistatrend.com\/index.php\/wp-json\/wp\/v2\/media\/16678"}],"wp:attachment":[{"href":"https:\/\/revistatrend.com\/index.php\/wp-json\/wp\/v2\/media?parent=16677"}],"wp:term":[{"taxonomy":"category","embeddable":true,"href":"https:\/\/revistatrend.com\/index.php\/wp-json\/wp\/v2\/categories?post=16677"},{"taxonomy":"post_tag","embeddable":true,"href":"https:\/\/revistatrend.com\/index.php\/wp-json\/wp\/v2\/tags?post=16677"}],"curies":[{"name":"wp","href":"https:\/\/api.w.org\/{rel}","templated":true}]}}