{"id":16686,"date":"2026-09-04T16:36:59","date_gmt":"2026-09-04T16:36:59","guid":{"rendered":"https:\/\/revistatrend.com\/?p=16686"},"modified":"2026-09-04T16:36:59","modified_gmt":"2026-09-04T16:36:59","slug":"video-ledri-vula-i-shpreh-publikisht-dashurine-xhensila-myrtezajt-te-dua","status":"publish","type":"post","link":"https:\/\/revistatrend.com\/index.php\/2026\/09\/04\/video-ledri-vula-i-shpreh-publikisht-dashurine-xhensila-myrtezajt-te-dua\/","title":{"rendered":"VIDEO\/ Ledri Vula i shpreh publikisht dashurin\u00eb Xhensila Myrtezajt: T\u00eb dua"},"content":{"rendered":"<p>Ledri Vula dhe Xhensila Myrtezaj kan\u00eb t\u00ebrhequr v\u00ebmendjen gjat\u00eb nj\u00eb performance t\u00eb p\u00ebrbashk\u00ebt, pas nj\u00eb momenti t\u00eb ndodhur n\u00eb sken\u00eb.<\/p>\n<p>Teksa ndodheshin p\u00ebrball\u00eb publikut, Ledri iu drejtua Xhensil\u00ebs me fjal\u00ebt \u201cT\u00eb dua\u201d, moment q\u00eb \u00ebsht\u00eb filmuar nga t\u00eb pranishmit dhe m\u00eb pas \u00ebsht\u00eb shp\u00ebrndar\u00eb n\u00eb rrjetet sociale.<\/p>\n<p>Xhensila e pret me buz\u00ebqeshje deklarat\u00ebn e reperit, nd\u00ebrsa momenti ka mjaftuar q\u00eb videoja t\u00eb marr\u00eb v\u00ebmendjen e ndjek\u00ebsve.<\/p>\n<p>Nj\u00eb moment q\u00eb duket se i jep m\u00eb shum\u00eb z\u00eb \u201caludimeve\u201d se dyshja jan\u00eb n\u00eb nj\u00eb romanc\u00eb bashk\u00eb.<\/p>\n<div style=\"width: 202px;\" class=\"wp-video\"><video class=\"wp-video-shortcode\" id=\"video-16686-1\" width=\"202\" height=\"360\" preload=\"metadata\" controls=\"controls\"><source type=\"video\/mp4\" src=\"https:\/\/revistatrend.com\/wp-content\/uploads\/2026\/09\/6a9ae85f42e60.mp4?_=1\" \/><a href=\"https:\/\/revistatrend.com\/wp-content\/uploads\/2026\/09\/6a9ae85f42e60.mp4\">https:\/\/revistatrend.com\/wp-content\/uploads\/2026\/09\/6a9ae85f42e60.mp4<\/a><\/video><\/div>\n<p>&nbsp;<\/p>\n<p>&nbsp;<\/p>\n","protected":false},"excerpt":{"rendered":"<p>Ledri Vula dhe Xhensila Myrtezaj kan\u00eb t\u00ebrhequr v\u00ebmendjen gjat\u00eb nj\u00eb performance t\u00eb p\u00ebrbashk\u00ebt, pas nj\u00eb momenti t\u00eb ndodhur n\u00eb sken\u00eb. Teksa ndodheshin p\u00ebrball\u00eb publikut, Ledri iu drejtua Xhensil\u00ebs me fjal\u00ebt \u201cT\u00eb dua\u201d, moment q\u00eb \u00ebsht\u00eb filmuar nga t\u00eb pranishmit dhe m\u00eb pas \u00ebsht\u00eb shp\u00ebrndar\u00eb n\u00eb rrjetet sociale. Xhensila e pret me buz\u00ebqeshje deklarat\u00ebn e reperit,<\/p>\n","protected":false},"author":1,"featured_media":16687,"comment_status":"open","ping_status":"open","sticky":false,"template":"","format":"standard","meta":{"footnotes":""},"categories":[10],"tags":[],"class_list":{"0":"post-16686","1":"post","2":"type-post","3":"status-publish","4":"format-standard","5":"has-post-thumbnail","7":"category-showbiz"},"_links":{"self":[{"href":"https:\/\/revistatrend.com\/index.php\/wp-json\/wp\/v2\/posts\/16686","targetHints":{"allow":["GET"]}}],"collection":[{"href":"https:\/\/revistatrend.com\/index.php\/wp-json\/wp\/v2\/posts"}],"about":[{"href":"https:\/\/revistatrend.com\/index.php\/wp-json\/wp\/v2\/types\/post"}],"author":[{"embeddable":true,"href":"https:\/\/revistatrend.com\/index.php\/wp-json\/wp\/v2\/users\/1"}],"replies":[{"embeddable":true,"href":"https:\/\/revistatrend.com\/index.php\/wp-json\/wp\/v2\/comments?post=16686"}],"version-history":[{"count":1,"href":"https:\/\/revistatrend.com\/index.php\/wp-json\/wp\/v2\/posts\/16686\/revisions"}],"predecessor-version":[{"id":16689,"href":"https:\/\/revistatrend.com\/index.php\/wp-json\/wp\/v2\/posts\/16686\/revisions\/16689"}],"wp:featuredmedia":[{"embeddable":true,"href":"https:\/\/revistatrend.com\/index.php\/wp-json\/wp\/v2\/media\/16687"}],"wp:attachment":[{"href":"https:\/\/revistatrend.com\/index.php\/wp-json\/wp\/v2\/media?parent=16686"}],"wp:term":[{"taxonomy":"category","embeddable":true,"href":"https:\/\/revistatrend.com\/index.php\/wp-json\/wp\/v2\/categories?post=16686"},{"taxonomy":"post_tag","embeddable":true,"href":"https:\/\/revistatrend.com\/index.php\/wp-json\/wp\/v2\/tags?post=16686"}],"curies":[{"name":"wp","href":"https:\/\/api.w.org\/{rel}","templated":true}]}}