{"id":16690,"date":"2026-09-04T16:38:32","date_gmt":"2026-09-04T16:38:32","guid":{"rendered":"https:\/\/revistatrend.com\/?p=16690"},"modified":"2026-09-04T16:38:32","modified_gmt":"2026-09-04T16:38:32","slug":"trishtuese-mimoza-ahmeti-humb-babain-dedikimi-prekes-i-shkrimtares-kur-ta-takosh-nenen-perqafoje-fort-per-mua","status":"publish","type":"post","link":"https:\/\/revistatrend.com\/index.php\/2026\/09\/04\/trishtuese-mimoza-ahmeti-humb-babain-dedikimi-prekes-i-shkrimtares-kur-ta-takosh-nenen-perqafoje-fort-per-mua\/","title":{"rendered":"Trishtuese\/ Mimoza Ahmeti humb babain, dedikimi prek\u00ebs i shkrimtares: Kur ta takosh n\u00ebn\u00ebn, p\u00ebrqafoje fort p\u00ebr mua"},"content":{"rendered":"<p>Fituesja e \u201cFerma VIP 3\u201d, Mimoza Ahmeti, ka ndar\u00eb me ndjek\u00ebsit nj\u00eb lajm t\u00eb trisht\u00eb. Shkrimtarja dhe poetja ka njoftuar ndarjen nga jeta t\u00eb babait t\u00eb saj, t\u00eb cilin e ka p\u00ebrshkruar si nj\u00eb nga shtyllat m\u00eb t\u00eb forta t\u00eb jet\u00ebs dhe nj\u00eb figur\u00eb t\u00eb pandashme nga ajo q\u00eb \u00ebsht\u00eb sot.<\/p>\n<p>N\u00eb nj\u00eb postim prek\u00ebs n\u00eb rrjetet sociale, Ahmeti shprehet se p\u00ebrball\u00eb humbjes s\u00eb t\u00eb atit edhe fjal\u00ebt i duken t\u00eb pamjaftueshme. Ajo kujton dashurin\u00eb, m\u00ebsimet, mundin dhe sakrificat e tij, duke shkruar se shpreson q\u00eb gjith\u00e7ka q\u00eb ka arritur n\u00eb jet\u00eb ta ket\u00eb b\u00ebr\u00eb krenar.\u00a0 Gjat\u00eb q\u00ebndrimit n\u00eb \u201cFerma VIP\u201d, Mimoza kishte folur disa her\u00eb p\u00ebr prind\u00ebrit e saj dhe marr\u00ebdh\u00ebnien e ve\u00e7ant\u00eb me ta. Ajo kishte treguar edhe dhimbjen e humbjes s\u00eb n\u00ebn\u00ebs, e cila nd\u00ebrroi jet\u00eb n\u00eb SHBA, nd\u00ebrsa Mimoza nuk mundi t\u00eb merrte pjes\u00eb n\u00eb ceremonin\u00eb e lamtumir\u00ebs p\u00ebr shkak t\u00eb munges\u00ebs s\u00eb viz\u00ebs, edhe pse kishte aplikuar p\u00ebr nj\u00eb viz\u00eb urgjente.<\/p>\n<p>N\u00eb mesazhin e saj t\u00eb fundit p\u00ebr t\u00eb atin, Ahmeti i ka kushtuar fjal\u00eb t\u00eb ndjera, duke i k\u00ebrkuar q\u00eb kur t\u00eb takohej me n\u00ebn\u00ebn e saj, ta p\u00ebrqafonte fort p\u00ebr t\u00eb. \u201cTani jeni p\u00ebrs\u00ebri bashk\u00eb\u2026 Dhe un\u00eb mbetem k\u00ebtu, me kujtimet tuaja, me mallin dhe me nj\u00eb dashuri q\u00eb nuk do t\u00eb shuhet kurr\u00eb\u201d, shkruan ajo.<\/p>\n<p>Postimi i Moza Ahmetit:<\/p>\n<p>Sot u shua nj\u00eb pjes\u00eb e zemr\u00ebs sime\u2026<br \/>\nSot humba baban\u00eb tim t\u00eb shtrenjt\u00eb.<br \/>\nKa dhimbje q\u00eb nuk mund t\u2019i mbaj\u00eb asnj\u00eb fjal\u00eb. Sot, p\u00ebrball\u00eb ikjes t\u00ebnde, babi, edhe fjal\u00ebt e mia heshtin.<\/p>\n<p>Ti ishe nj\u00eb nga shtyllat m\u00eb t\u00eb forta t\u00eb jet\u00ebs sime, nj\u00eb pjes\u00eb e pandar\u00eb e asaj q\u00eb jam. N\u00eb \u00e7do hap q\u00eb kam hedhur, n\u00eb \u00e7do arritje dhe n\u00eb \u00e7do gj\u00eb t\u00eb mir\u00eb q\u00eb kam nd\u00ebrtuar, ka di\u00e7ka nga ti, nga m\u00ebsimet e tua, nga dashuria, mundi dhe sakrificat e tua.<br \/>\nShpresoj q\u00eb \u00e7do gj\u00eb q\u00eb kam arritur n\u00eb jet\u00eb t\u00eb t\u00eb ket\u00eb b\u00ebr\u00eb krenar. Shpresoj q\u00eb, edhe atje ku s\u2019mund t\u00eb t\u00eb shoh m\u00eb, t\u00eb jesh duke m\u00eb par\u00eb dhe t\u00eb ndiesh se gjith\u00e7ka q\u00eb ke b\u00ebr\u00eb p\u00ebr mua nuk ka qen\u00eb kurr\u00eb e kot\u00eb.<br \/>\nDhe tani q\u00eb po shkon drejt asaj bote ku \u00ebsht\u00eb edhe n\u00ebna ime, kam vet\u00ebm nj\u00eb lutje p\u00ebr ty:<br \/>\nKur ta takosh n\u00ebn\u00ebn, p\u00ebrqafoje fort p\u00ebr mua.<\/p>\n<p>Thuaji se m\u00eb ka munguar \u00e7do dit\u00eb dhe se dashurin\u00eb p\u00ebr ju t\u00eb dy e kam mbajtur gjithmon\u00eb t\u00eb gjall\u00eb n\u00eb zemr\u00ebn time.<br \/>\nTani jeni p\u00ebrs\u00ebri bashk\u00eb\u2026<br \/>\nDhe un\u00eb mbetem k\u00ebtu, me kujtimet tuaja, me mallin dhe me nj\u00eb dashuri q\u00eb nuk do t\u00eb shuhet kurr\u00eb.<br \/>\nNdoshta nuk mund t\u2019ju kem m\u00eb pran\u00eb, por do t\u2019ju mbaj gjithmon\u00eb me vete \u2014 n\u00eb zemr\u00ebn time, n\u00eb shpirtin tim, n\u00eb \u00e7do fjal\u00eb t\u00eb mir\u00eb q\u00eb do t\u00eb them dhe n\u00eb \u00e7do hap q\u00eb do t\u00eb hedh.<\/p>\n<p>U prehsh n\u00eb paqe, babi im.<br \/>\nP\u00ebrqafoje n\u00ebn\u00ebn fort p\u00ebr mua\u2026<br \/>\nDhe, n\u00ebse mundeni, m\u00eb ruani t\u00eb dy nga lart.<br \/>\nJu dua sot, nes\u00ebr dhe p\u00ebrtej \u00e7do kohe.<\/p>\n<p>P\u00ebrjet\u00eb vajza juaj.<\/p>\n","protected":false},"excerpt":{"rendered":"<p>Fituesja e \u201cFerma VIP 3\u201d, Mimoza Ahmeti, ka ndar\u00eb me ndjek\u00ebsit nj\u00eb lajm t\u00eb trisht\u00eb. Shkrimtarja dhe poetja ka njoftuar ndarjen nga jeta t\u00eb babait t\u00eb saj, t\u00eb cilin e ka p\u00ebrshkruar si nj\u00eb nga shtyllat m\u00eb t\u00eb forta t\u00eb jet\u00ebs dhe nj\u00eb figur\u00eb t\u00eb pandashme nga ajo q\u00eb \u00ebsht\u00eb sot. N\u00eb nj\u00eb postim prek\u00ebs<\/p>\n","protected":false},"author":1,"featured_media":16691,"comment_status":"open","ping_status":"open","sticky":false,"template":"","format":"standard","meta":{"footnotes":""},"categories":[10],"tags":[],"class_list":{"0":"post-16690","1":"post","2":"type-post","3":"status-publish","4":"format-standard","5":"has-post-thumbnail","7":"category-showbiz"},"_links":{"self":[{"href":"https:\/\/revistatrend.com\/index.php\/wp-json\/wp\/v2\/posts\/16690","targetHints":{"allow":["GET"]}}],"collection":[{"href":"https:\/\/revistatrend.com\/index.php\/wp-json\/wp\/v2\/posts"}],"about":[{"href":"https:\/\/revistatrend.com\/index.php\/wp-json\/wp\/v2\/types\/post"}],"author":[{"embeddable":true,"href":"https:\/\/revistatrend.com\/index.php\/wp-json\/wp\/v2\/users\/1"}],"replies":[{"embeddable":true,"href":"https:\/\/revistatrend.com\/index.php\/wp-json\/wp\/v2\/comments?post=16690"}],"version-history":[{"count":1,"href":"https:\/\/revistatrend.com\/index.php\/wp-json\/wp\/v2\/posts\/16690\/revisions"}],"predecessor-version":[{"id":16692,"href":"https:\/\/revistatrend.com\/index.php\/wp-json\/wp\/v2\/posts\/16690\/revisions\/16692"}],"wp:featuredmedia":[{"embeddable":true,"href":"https:\/\/revistatrend.com\/index.php\/wp-json\/wp\/v2\/media\/16691"}],"wp:attachment":[{"href":"https:\/\/revistatrend.com\/index.php\/wp-json\/wp\/v2\/media?parent=16690"}],"wp:term":[{"taxonomy":"category","embeddable":true,"href":"https:\/\/revistatrend.com\/index.php\/wp-json\/wp\/v2\/categories?post=16690"},{"taxonomy":"post_tag","embeddable":true,"href":"https:\/\/revistatrend.com\/index.php\/wp-json\/wp\/v2\/tags?post=16690"}],"curies":[{"name":"wp","href":"https:\/\/api.w.org\/{rel}","templated":true}]}}