{"id":16693,"date":"2026-09-04T16:39:51","date_gmt":"2026-09-04T16:39:51","guid":{"rendered":"https:\/\/revistatrend.com\/?p=16693"},"modified":"2026-09-04T16:39:51","modified_gmt":"2026-09-04T16:39:51","slug":"foto-pas-sherrit-me-jozin-edi-zbulon-cfare-do-te-ndodhe-permes-nje-tatuazhi-te-bere-ne-trupin-e-tij","status":"publish","type":"post","link":"https:\/\/revistatrend.com\/index.php\/2026\/09\/04\/foto-pas-sherrit-me-jozin-edi-zbulon-cfare-do-te-ndodhe-permes-nje-tatuazhi-te-bere-ne-trupin-e-tij\/","title":{"rendered":"FOTO\/ Pas sherrit me Jozin, Edi zbulon \u00e7far\u00eb do t\u00eb ndodh\u00eb p\u00ebrmes nj\u00eb tatuazhi t\u00eb b\u00ebr\u00eb n\u00eb trupin e tij"},"content":{"rendered":"<p>P\u00ebrplasja mes Edi Ku\u00e7it dhe Joz Markut vazhdon t\u00eb jet\u00eb nj\u00eb nga temat m\u00eb t\u00eb komentuara t\u00eb dit\u00ebve t\u00eb fundit, nd\u00ebrsa \u00e7do reagim i tyre pas publikimit t\u00eb pamjeve po merr v\u00ebmendje n\u00eb rrjet.<\/p>\n<p>K\u00ebt\u00eb her\u00eb, v\u00ebmendjen e ka marr\u00eb nj\u00eb tatuazh q\u00eb Edi mban n\u00eb krah. N\u00eb foton e publikuar prej tij lexohet qart\u00eb shprehja: \u201c<em><strong>Hakmarrja s\u2019ka dat\u00eb skadimi\u201d.<\/strong><\/em><\/p>\n<p><img decoding=\"async\" src=\"https:\/\/cdnimpuls.com\/piranjat.al\/media3\/-640-0-1788517261x640-0-capturepng-1788517140-648.png\" alt=\"FOTO\/ Pas sherrit me Jozin, Edi zbulon \u00e7far\u00eb do t\u00eb ndodh\u00eb\" width=\"100%\" data-size=\"x\" data-id=\"582835\" \/><\/p>\n<p>Tatuazhi ka marr\u00eb nj\u00eb tjet\u00ebr kuptim p\u00ebr ndjek\u00ebsit pik\u00ebrisht p\u00ebr shkak t\u00eb konfliktit t\u00eb fundit me Jozin. Pamjet e publikuara nga p\u00ebrballja treguan Jozin dhe disa persona t\u00eb tjer\u00eb pran\u00eb Edit, nd\u00ebrsa n\u00eb nj\u00eb moment k\u00ebng\u00ebtari e godet at\u00eb me shuplak\u00eb dhe m\u00eb pas i k\u00ebrkon t\u00eb ulet n\u00eb gjunj\u00eb e t\u00eb k\u00ebrkoj\u00eb falje.<\/p>\n<p>Vet\u00eb Edi reagoi pas publikimit t\u00eb videove duke pretenduar se kishte qen\u00eb i vet\u00ebm p\u00ebrball\u00eb nj\u00eb grupi. \u201cPabesia dhe tradhtia kan\u00eb rr\u00ebzuar edhe mbret\u00ebr! 15 me 1 n\u00eb konakun e tyre!\u201d, shkroi ai.<\/p>\n<p>N\u00eb k\u00ebt\u00eb situat\u00eb, shprehja \u201cHakmarrja s\u2019ka dat\u00eb skadimi\u201d e vendosur n\u00eb krahun e tij ka nxitur interpretime n\u00eb rrjet se mund t\u00eb jet\u00eb nj\u00eb mesazh p\u00ebr at\u00eb q\u00eb ka ndodhur s\u00eb fundmi.<\/p>\n","protected":false},"excerpt":{"rendered":"<p>P\u00ebrplasja mes Edi Ku\u00e7it dhe Joz Markut vazhdon t\u00eb jet\u00eb nj\u00eb nga temat m\u00eb t\u00eb komentuara t\u00eb dit\u00ebve t\u00eb fundit, nd\u00ebrsa \u00e7do reagim i tyre pas publikimit t\u00eb pamjeve po merr v\u00ebmendje n\u00eb rrjet. K\u00ebt\u00eb her\u00eb, v\u00ebmendjen e ka marr\u00eb nj\u00eb tatuazh q\u00eb Edi mban n\u00eb krah. N\u00eb foton e publikuar prej tij lexohet qart\u00eb<\/p>\n","protected":false},"author":1,"featured_media":16694,"comment_status":"open","ping_status":"open","sticky":false,"template":"","format":"standard","meta":{"footnotes":""},"categories":[10],"tags":[],"class_list":{"0":"post-16693","1":"post","2":"type-post","3":"status-publish","4":"format-standard","5":"has-post-thumbnail","7":"category-showbiz"},"_links":{"self":[{"href":"https:\/\/revistatrend.com\/index.php\/wp-json\/wp\/v2\/posts\/16693","targetHints":{"allow":["GET"]}}],"collection":[{"href":"https:\/\/revistatrend.com\/index.php\/wp-json\/wp\/v2\/posts"}],"about":[{"href":"https:\/\/revistatrend.com\/index.php\/wp-json\/wp\/v2\/types\/post"}],"author":[{"embeddable":true,"href":"https:\/\/revistatrend.com\/index.php\/wp-json\/wp\/v2\/users\/1"}],"replies":[{"embeddable":true,"href":"https:\/\/revistatrend.com\/index.php\/wp-json\/wp\/v2\/comments?post=16693"}],"version-history":[{"count":1,"href":"https:\/\/revistatrend.com\/index.php\/wp-json\/wp\/v2\/posts\/16693\/revisions"}],"predecessor-version":[{"id":16695,"href":"https:\/\/revistatrend.com\/index.php\/wp-json\/wp\/v2\/posts\/16693\/revisions\/16695"}],"wp:featuredmedia":[{"embeddable":true,"href":"https:\/\/revistatrend.com\/index.php\/wp-json\/wp\/v2\/media\/16694"}],"wp:attachment":[{"href":"https:\/\/revistatrend.com\/index.php\/wp-json\/wp\/v2\/media?parent=16693"}],"wp:term":[{"taxonomy":"category","embeddable":true,"href":"https:\/\/revistatrend.com\/index.php\/wp-json\/wp\/v2\/categories?post=16693"},{"taxonomy":"post_tag","embeddable":true,"href":"https:\/\/revistatrend.com\/index.php\/wp-json\/wp\/v2\/tags?post=16693"}],"curies":[{"name":"wp","href":"https:\/\/api.w.org\/{rel}","templated":true}]}}