{"id":16696,"date":"2026-09-04T16:40:44","date_gmt":"2026-09-04T16:40:44","guid":{"rendered":"https:\/\/revistatrend.com\/?p=16696"},"modified":"2026-09-04T16:40:44","modified_gmt":"2026-09-04T16:40:44","slug":"une-jam-arsyeja-pse-fitoi-selin-ish-banori-i-bbva-miri-ishte-i-shkruar-ne-kontrate-por","status":"publish","type":"post","link":"https:\/\/revistatrend.com\/index.php\/2026\/09\/04\/une-jam-arsyeja-pse-fitoi-selin-ish-banori-i-bbva-miri-ishte-i-shkruar-ne-kontrate-por\/","title":{"rendered":"&#8220;Un\u00eb jam arsyeja pse fitoi Selin\u201d\/ Ish-banori i BBVA: Miri ishte i shkruar n\u00eb kontrat\u00eb, por&#8230;"},"content":{"rendered":"<p>Ish-finalisti i edicionit t\u00eb pest\u00eb t\u00eb \u201cBig Brother VIP Albania\u201d, Rogert Sterkaj, ka qen\u00eb i ftuar i par\u00eb i sezonit t\u00eb ri t\u00eb \u201cShe\u2019s On Air\u201d n\u00eb Top Albania Radio.<\/p>\n<p>N\u00eb nj\u00eb moment kur ai u pyet n\u00eb lidhje me Selin Bollatin, Rogerti u shpreh se ai \u00ebsht\u00eb arsyeja e madhe se pse ka fituar k\u00ebt\u00eb edicion t\u00eb reality show-t.<\/p>\n<p>Dhe m\u00eb pas n\u00eb lidhje me ish-finalistin tjet\u00ebr, Armir Shahini, ai u shpreh se Miri kishte b\u00ebr\u00eb kontrat\u00eb me vet\u00ebveten se do e fitonte Big-un, por i ra posht\u00eb se b\u00ebri gabime. Rogerti shtoi se n\u00ebse do e fitonte Miri, ai do t\u00eb largohej nga Shqip\u00ebri dhe Anglia, do t\u00eb ikte larg.<\/p>\n<p><em>Rogerti: Njer\u00ebzit e zgjuar si puna e Selin, e kuptojn\u00eb shum\u00eb mir\u00eb q\u00eb n\u00eb fakt, p\u00ebr t\u00eb keq ose t\u00eb mir\u00eb, un\u00eb kam qen\u00eb arsyeja m\u00eb e madhe pse ajo ka fituar.<\/em><\/p>\n<p><em>Gazetarja: Po thua q\u00eb nuk ka qen\u00eb Miri?<\/em><\/p>\n<p><em>Rogerti: Miri ishte lart kur hyra un\u00eb dhe Miri ishte i shkruar dhe i p\u00ebrshkruar n\u00eb kontrat\u00eb p\u00ebr t\u2019a fituar. N\u00eb kontrat\u00eb me vet\u00ebveten, jo kontrat\u00eb k\u00ebshtu ligjore. Por i ra posht\u00eb t\u00eb shkretit se b\u00ebri shum\u00eb gabime.<\/em><\/p>\n<p><em>Gazetarja: N\u00ebse Selin nuk do t\u00eb fitonte, a do t\u00eb mbaje ti s\u00ebrish k\u00ebt\u00eb q\u00ebndrim q\u00eb po mban tani? Q\u00eb po sillesh mir\u00eb, po thua l\u00ebvdata ndaj saj.<\/em><\/p>\n<p><em>Rogerti: Po k\u00ebshtu kam qen\u00eb gjithmon\u00eb, po t\u00eb mos m\u00eb dilte kund\u00ebr.<\/em><\/p>\n<p><em>Gazetarja: E z\u00ebm\u00eb se nuk do t\u00eb fitonte ajo, por do t\u00eb fitonte Miri. Ti s\u00ebrish do t\u00eb mbaje k\u00ebt\u00eb q\u00ebndrim?<\/em><\/p>\n<p><em>Rogerti: Po me Mirin nuk shkova mir\u00eb se u prisha. Po t\u00eb fitonte Miri, un\u00eb t\u00eb ikja nga Shqip\u00ebria, nga Anglia. Do isha larg un\u00eb po t\u00eb fitonte Miri. Sapo i dola kund\u00ebr, ai tha se nuk fitoj un\u00eb por Selin.<\/em><\/p>\n","protected":false},"excerpt":{"rendered":"<p>Ish-finalisti i edicionit t\u00eb pest\u00eb t\u00eb \u201cBig Brother VIP Albania\u201d, Rogert Sterkaj, ka qen\u00eb i ftuar i par\u00eb i sezonit t\u00eb ri t\u00eb \u201cShe\u2019s On Air\u201d n\u00eb Top Albania Radio. N\u00eb nj\u00eb moment kur ai u pyet n\u00eb lidhje me Selin Bollatin, Rogerti u shpreh se ai \u00ebsht\u00eb arsyeja e madhe se pse ka fituar<\/p>\n","protected":false},"author":1,"featured_media":16697,"comment_status":"open","ping_status":"open","sticky":false,"template":"","format":"standard","meta":{"footnotes":""},"categories":[10],"tags":[],"class_list":{"0":"post-16696","1":"post","2":"type-post","3":"status-publish","4":"format-standard","5":"has-post-thumbnail","7":"category-showbiz"},"_links":{"self":[{"href":"https:\/\/revistatrend.com\/index.php\/wp-json\/wp\/v2\/posts\/16696","targetHints":{"allow":["GET"]}}],"collection":[{"href":"https:\/\/revistatrend.com\/index.php\/wp-json\/wp\/v2\/posts"}],"about":[{"href":"https:\/\/revistatrend.com\/index.php\/wp-json\/wp\/v2\/types\/post"}],"author":[{"embeddable":true,"href":"https:\/\/revistatrend.com\/index.php\/wp-json\/wp\/v2\/users\/1"}],"replies":[{"embeddable":true,"href":"https:\/\/revistatrend.com\/index.php\/wp-json\/wp\/v2\/comments?post=16696"}],"version-history":[{"count":1,"href":"https:\/\/revistatrend.com\/index.php\/wp-json\/wp\/v2\/posts\/16696\/revisions"}],"predecessor-version":[{"id":16698,"href":"https:\/\/revistatrend.com\/index.php\/wp-json\/wp\/v2\/posts\/16696\/revisions\/16698"}],"wp:featuredmedia":[{"embeddable":true,"href":"https:\/\/revistatrend.com\/index.php\/wp-json\/wp\/v2\/media\/16697"}],"wp:attachment":[{"href":"https:\/\/revistatrend.com\/index.php\/wp-json\/wp\/v2\/media?parent=16696"}],"wp:term":[{"taxonomy":"category","embeddable":true,"href":"https:\/\/revistatrend.com\/index.php\/wp-json\/wp\/v2\/categories?post=16696"},{"taxonomy":"post_tag","embeddable":true,"href":"https:\/\/revistatrend.com\/index.php\/wp-json\/wp\/v2\/tags?post=16696"}],"curies":[{"name":"wp","href":"https:\/\/api.w.org\/{rel}","templated":true}]}}