{"id":16699,"date":"2026-09-04T16:41:41","date_gmt":"2026-09-04T16:41:41","guid":{"rendered":"https:\/\/revistatrend.com\/?p=16699"},"modified":"2026-09-04T16:41:41","modified_gmt":"2026-09-04T16:41:41","slug":"motra-e-ish-banorit-te-bbv-prek-me-fjalet-dedikuar-vellait-te-ndjere","status":"publish","type":"post","link":"https:\/\/revistatrend.com\/index.php\/2026\/09\/04\/motra-e-ish-banorit-te-bbv-prek-me-fjalet-dedikuar-vellait-te-ndjere\/","title":{"rendered":"Motra e ish-banorit t\u00eb BBV prek me fjal\u00ebt dedikuar v\u00ebllait t\u00eb ndjer\u00eb"},"content":{"rendered":"<p>Laurent Krasniqi \u00ebsht\u00eb p\u00ebrcjell\u00eb sot p\u00ebr n\u00eb banes\u00ebn e fundit, nj\u00eb dit\u00eb pasi humbi tragjikisht jet\u00ebn n\u00eb nj\u00eb aksident me motor n\u00eb Prishtin\u00eb.<\/p>\n<p>Vdekja e papritur e influencerit t\u00eb njohur ka l\u00ebn\u00eb pas dhimbje t\u00eb madhe te familjar\u00ebt, miqt\u00eb dhe ndjek\u00ebsit e tij, t\u00eb cil\u00ebt p\u00ebr vite me radh\u00eb e kan\u00eb ndjekur aktivitetin e tij n\u00eb rrjetet sociale.<\/p>\n<p>Pas ceremonis\u00eb s\u00eb varrimit, motra e Laurentit ka ndar\u00eb n\u00eb Instagram nj\u00eb fotografi t\u00eb t\u00eb ndjerit, krahas s\u00eb cil\u00ebs ka shkruar nj\u00eb dedikim prek\u00ebs p\u00ebr v\u00ebllan\u00eb e saj.<\/p>\n<p>\u201cOj dashnia e motr\u00ebs q\u00eb ma thave shpirtin, s\u2019di qysh kom me vazhdu me jetu pa ty, vllau jem\u201d, ka shkruar ajo.<\/p>\n<p class=\"shortcode-media shortcode-media-rebelmouse-image\">\u00a0<small class=\"image-media media-photo-credit\">Foto: Xhen Krasniqi\/InstaStory<\/small><\/p>\n<p>Fjal\u00ebt e saj t\u00eb dhimbshme pasqyrojn\u00eb boshll\u00ebkun e madh q\u00eb ka l\u00ebn\u00eb ndarja e parakohshme e Laurentit nga jeta.<\/p>\n<p>Nd\u00ebrkoh\u00eb, pas lajmit tragjik, rrjetet sociale jan\u00eb mbushur me mesazhe ngush\u00ebllimi dhe kujtime nga miqt\u00eb, t\u00eb njohurit dhe ndjek\u00ebsit e tij.<\/p>\n<p>Laurent Krasniqi ishte b\u00ebr\u00eb i njohur p\u00ebr publikun p\u00ebrmes rrjeteve sociale, nd\u00ebrsa m\u00eb pas mori pjes\u00eb edhe n\u00eb Big Brother VIP Kosova, ku u b\u00eb nj\u00eb nga personazhet e njohura t\u00eb k\u00ebtij formati.<\/p>\n<p><img decoding=\"async\" src=\"https:\/\/cdnimpuls.com\/piranjat.al\/media3\/-640-0-1788467113ximage-1-527.webp\" alt=\"Motra e ish-banorit t\u00eb BBV prek me fjal\u00ebt dedikuar v\u00ebllait\" width=\"100%\" data-size=\"x\" data-id=\"582737\" \/><\/p>\n","protected":false},"excerpt":{"rendered":"<p>Laurent Krasniqi \u00ebsht\u00eb p\u00ebrcjell\u00eb sot p\u00ebr n\u00eb banes\u00ebn e fundit, nj\u00eb dit\u00eb pasi humbi tragjikisht jet\u00ebn n\u00eb nj\u00eb aksident me motor n\u00eb Prishtin\u00eb. Vdekja e papritur e influencerit t\u00eb njohur ka l\u00ebn\u00eb pas dhimbje t\u00eb madhe te familjar\u00ebt, miqt\u00eb dhe ndjek\u00ebsit e tij, t\u00eb cil\u00ebt p\u00ebr vite me radh\u00eb e kan\u00eb ndjekur aktivitetin e tij<\/p>\n","protected":false},"author":1,"featured_media":16700,"comment_status":"open","ping_status":"open","sticky":false,"template":"","format":"standard","meta":{"footnotes":""},"categories":[10],"tags":[],"class_list":{"0":"post-16699","1":"post","2":"type-post","3":"status-publish","4":"format-standard","5":"has-post-thumbnail","7":"category-showbiz"},"_links":{"self":[{"href":"https:\/\/revistatrend.com\/index.php\/wp-json\/wp\/v2\/posts\/16699","targetHints":{"allow":["GET"]}}],"collection":[{"href":"https:\/\/revistatrend.com\/index.php\/wp-json\/wp\/v2\/posts"}],"about":[{"href":"https:\/\/revistatrend.com\/index.php\/wp-json\/wp\/v2\/types\/post"}],"author":[{"embeddable":true,"href":"https:\/\/revistatrend.com\/index.php\/wp-json\/wp\/v2\/users\/1"}],"replies":[{"embeddable":true,"href":"https:\/\/revistatrend.com\/index.php\/wp-json\/wp\/v2\/comments?post=16699"}],"version-history":[{"count":1,"href":"https:\/\/revistatrend.com\/index.php\/wp-json\/wp\/v2\/posts\/16699\/revisions"}],"predecessor-version":[{"id":16701,"href":"https:\/\/revistatrend.com\/index.php\/wp-json\/wp\/v2\/posts\/16699\/revisions\/16701"}],"wp:featuredmedia":[{"embeddable":true,"href":"https:\/\/revistatrend.com\/index.php\/wp-json\/wp\/v2\/media\/16700"}],"wp:attachment":[{"href":"https:\/\/revistatrend.com\/index.php\/wp-json\/wp\/v2\/media?parent=16699"}],"wp:term":[{"taxonomy":"category","embeddable":true,"href":"https:\/\/revistatrend.com\/index.php\/wp-json\/wp\/v2\/categories?post=16699"},{"taxonomy":"post_tag","embeddable":true,"href":"https:\/\/revistatrend.com\/index.php\/wp-json\/wp\/v2\/tags?post=16699"}],"curies":[{"name":"wp","href":"https:\/\/api.w.org\/{rel}","templated":true}]}}