{"id":1701,"date":"2021-05-07T17:50:43","date_gmt":"2021-05-07T17:50:43","guid":{"rendered":"https:\/\/revistatrend.com\/?p=1701"},"modified":"2021-05-07T17:50:43","modified_gmt":"2021-05-07T17:50:43","slug":"ironike-apo-jo-mozzik-shprehet-eshte-dakord-me-masat-e-reja-kufizuese-ne-vend","status":"publish","type":"post","link":"https:\/\/revistatrend.com\/index.php\/2021\/05\/07\/ironike-apo-jo-mozzik-shprehet-eshte-dakord-me-masat-e-reja-kufizuese-ne-vend\/","title":{"rendered":"Ironike apo jo Mozzik shprehet \u00ebsht\u00eb dakord me masat e reja kufizuese n\u00eb vend"},"content":{"rendered":"\n<p>N\u00eb Kosov\u00eb prej t\u00eb m\u00ebrkur\u00ebs kan\u00eb hyr\u00eb n\u00eb fuqi masat e reja kufizuese t\u00eb miratuara nga Qeveria e Kosov\u00ebs. Gj\u00eb q\u00eb e b\u00ebn sistemin arsimor t\u00eb zhvend\u00ebsoj pjes\u00ebn m\u00eb t\u00eb madhe t\u00eb tij online, nd\u00ebrsa t\u00eb gjitha institucioneve dhe bizneseve iu preferohet q\u00eb fizikisht t\u00eb punojn\u00eb me staf esencial.<\/p>\n\n\n\n<p>P\u00ebrve\u00e7 njerzve me protesta t\u00eb vazhdueshme, dakord me k\u00ebto masa nuk po bien as emrat e njohur t\u00eb estrad\u00ebs.<\/p>\n\n\n\n<p>Reperi Mozzik n\u00eb nj\u00eb status t\u00eb b\u00ebr\u00eb n\u00eb llogarin\u00eb e tij zyrtare n\u00eb Facebook, ka shkruar p\u00ebr trendin e largimit t\u00eb shqiptar\u00ebve nga Kosova n\u00eb Shqip\u00ebri e Mal t\u00eb Zi p\u00ebr vikend, duke qen\u00eb se Kosova gjat\u00eb k\u00ebtyre dit\u00ebve n\u00eb nj\u00eb lloj forme \u00ebsht\u00eb \u201ce mbyllur\u201d.<\/p>\n\n\n\n<p>&nbsp;N\u00eb postimin e tij ai shkruan :<\/p>\n\n\n\n<p>\u201c<em>15 mij\u00eb persona than\u00eb dje q\u00eb kan\u00eb hyr\u00eb n\u00eb Shqip\u00ebri nga Kosova edhe nja pes\u00eb mij\u00eb sot a m\u00eb shum\u00eb sigurt\u2026Ve\u00e7 ka 500 euro po them me i l\u00ebn\u00eb k\u00ebta atje i bjen 10 milion\u00eb euro! Mir\u00eb de perfekt! Nuk jam kund\u00ebr masave, po a po e shihni sa t\u00eb pavlera e t\u00eb d\u00ebmshme jan\u00eb masat n\u00eb Kosov\u00eb tash se u b\u00eb von\u00eb!\u201d.<\/em><\/p>\n\n\n\n<figure class=\"wp-block-image size-large is-resized\"><img fetchpriority=\"high\" decoding=\"async\" src=\"https:\/\/revistatrend.com\/wp-content\/uploads\/2021\/05\/image-45.png\" alt=\"\" class=\"wp-image-1702\" width=\"583\" height=\"219\" srcset=\"https:\/\/revistatrend.com\/wp-content\/uploads\/2021\/05\/image-45.png 988w, https:\/\/revistatrend.com\/wp-content\/uploads\/2021\/05\/image-45-300x113.png 300w, https:\/\/revistatrend.com\/wp-content\/uploads\/2021\/05\/image-45-768x289.png 768w, https:\/\/revistatrend.com\/wp-content\/uploads\/2021\/05\/image-45-150x56.png 150w, https:\/\/revistatrend.com\/wp-content\/uploads\/2021\/05\/image-45-450x169.png 450w\" sizes=\"(max-width: 583px) 100vw, 583px\" \/><\/figure>\n\n\n\n<p><\/p>\n","protected":false},"excerpt":{"rendered":"<p>N\u00eb Kosov\u00eb prej t\u00eb m\u00ebrkur\u00ebs kan\u00eb hyr\u00eb n\u00eb fuqi masat e reja kufizuese t\u00eb miratuara nga Qeveria e Kosov\u00ebs. Gj\u00eb q\u00eb e b\u00ebn sistemin arsimor t\u00eb zhvend\u00ebsoj pjes\u00ebn m\u00eb t\u00eb madhe t\u00eb tij online, nd\u00ebrsa t\u00eb gjitha institucioneve dhe bizneseve iu preferohet q\u00eb fizikisht t\u00eb punojn\u00eb me staf esencial. P\u00ebrve\u00e7 njerzve me protesta t\u00eb vazhdueshme,<\/p>\n","protected":false},"author":1,"featured_media":1702,"comment_status":"open","ping_status":"open","sticky":false,"template":"","format":"standard","meta":{"footnotes":""},"categories":[4],"tags":[],"class_list":{"0":"post-1701","1":"post","2":"type-post","3":"status-publish","4":"format-standard","5":"has-post-thumbnail","7":"category-music"},"_links":{"self":[{"href":"https:\/\/revistatrend.com\/index.php\/wp-json\/wp\/v2\/posts\/1701","targetHints":{"allow":["GET"]}}],"collection":[{"href":"https:\/\/revistatrend.com\/index.php\/wp-json\/wp\/v2\/posts"}],"about":[{"href":"https:\/\/revistatrend.com\/index.php\/wp-json\/wp\/v2\/types\/post"}],"author":[{"embeddable":true,"href":"https:\/\/revistatrend.com\/index.php\/wp-json\/wp\/v2\/users\/1"}],"replies":[{"embeddable":true,"href":"https:\/\/revistatrend.com\/index.php\/wp-json\/wp\/v2\/comments?post=1701"}],"version-history":[{"count":1,"href":"https:\/\/revistatrend.com\/index.php\/wp-json\/wp\/v2\/posts\/1701\/revisions"}],"predecessor-version":[{"id":1703,"href":"https:\/\/revistatrend.com\/index.php\/wp-json\/wp\/v2\/posts\/1701\/revisions\/1703"}],"wp:featuredmedia":[{"embeddable":true,"href":"https:\/\/revistatrend.com\/index.php\/wp-json\/wp\/v2\/media\/1702"}],"wp:attachment":[{"href":"https:\/\/revistatrend.com\/index.php\/wp-json\/wp\/v2\/media?parent=1701"}],"wp:term":[{"taxonomy":"category","embeddable":true,"href":"https:\/\/revistatrend.com\/index.php\/wp-json\/wp\/v2\/categories?post=1701"},{"taxonomy":"post_tag","embeddable":true,"href":"https:\/\/revistatrend.com\/index.php\/wp-json\/wp\/v2\/tags?post=1701"}],"curies":[{"name":"wp","href":"https:\/\/api.w.org\/{rel}","templated":true}]}}