{"id":2386,"date":"2023-03-15T01:14:12","date_gmt":"2023-03-15T01:14:12","guid":{"rendered":"https:\/\/revistatrend.com\/?p=2386"},"modified":"2024-04-01T10:35:04","modified_gmt":"2024-04-01T10:35:04","slug":"permiresohen-vleresimet-televizive-te-oscars","status":"publish","type":"post","link":"https:\/\/revistatrend.com\/index.php\/2023\/03\/15\/permiresohen-vleresimet-televizive-te-oscars\/","title":{"rendered":"P\u00ebrmir\u00ebsohen vler\u00ebsimet televizive t\u00eb Oscars"},"content":{"rendered":"\t\t<div data-elementor-type=\"wp-post\" data-elementor-id=\"2386\" class=\"elementor elementor-2386\">\n\t\t\t\t\t\t\t\t\t<section class=\"elementor-section elementor-top-section elementor-element elementor-element-3ff6aae6 elementor-section-boxed elementor-section-height-default elementor-section-height-default\" data-id=\"3ff6aae6\" data-element_type=\"section\">\n\t\t\t\t\t\t<div class=\"elementor-container elementor-column-gap-default\">\n\t\t\t\t\t<div class=\"elementor-column elementor-col-100 elementor-top-column elementor-element elementor-element-1052795c\" data-id=\"1052795c\" data-element_type=\"column\">\n\t\t\t<div class=\"elementor-widget-wrap elementor-element-populated\">\n\t\t\t\t\t\t\t\t<div class=\"elementor-element elementor-element-70cc4e15 elementor-widget elementor-widget-text-editor\" data-id=\"70cc4e15\" data-element_type=\"widget\" data-widget_type=\"text-editor.default\">\n\t\t\t\t<div class=\"elementor-widget-container\">\n\t\t\t\t\t\t\t<p>Vler\u00ebsimet televizive t\u00eb Oscars p\u00ebrmir\u00ebsohen \u2013 n\u00eb vendin e tret\u00eb m\u00eb t\u00eb keq t\u00eb vler\u00ebsimeve n\u00eb histori.<\/p><p>\u00c7mimet e Akademis\u00eb s\u00eb k\u00ebtij viti me Jimmy Kimmel n\u00eb krye t\u00ebrhoq\u00ebn nj\u00eb audienc\u00eb mesatare televizive prej 18.7 milion dhe nj\u00eb pjes\u00eb m\u00eb t\u00eb madhe t\u00eb shikuesve m\u00eb t\u00eb rinj. Publiku p\u00ebr transmetimin e \u201cOscar Awards 2023\u201d u p\u00ebrmir\u00ebsua ndjesh\u00ebm n\u00eb krahasim me shifrat jo mbres\u00ebl\u00ebn\u00ebse t\u00eb vitit t\u00eb kaluar, me nj\u00eb rritje prej 12% n\u00eb at\u00eb q\u00eb ishte performanca e dyt\u00eb m\u00eb e keqe e vler\u00ebsimeve n\u00eb histori.<br \/>\u00a0 Vler\u00ebsimet e hershme nga Nielsen, t\u00eb dh\u00ebna p\u00ebr Hollywood Reporter, than\u00eb se emisioni n\u00eb ABC t\u00ebrhoqi mesatarisht 18.7 milion\u00eb shikues, krahasuar me 16.6 milion\u00eb n\u00eb 2022. Pjesa e audienc\u00ebs n\u00eb demografin\u00eb kryesore t\u00eb mosh\u00ebs 18-49 vje\u00e7 u p\u00ebrmir\u00ebsua gjithashtu, nga 3.76 vitin e kaluar n\u00eb 4.0.<br \/>\u00a0 Nd\u00ebrsa rritja \u00ebsht\u00eb nj\u00eb lajm i mir\u00eb p\u00ebr Oscars dhe organizat\u00ebn e saj, Akademin\u00eb e Arteve dhe Shkencave t\u00eb Filmit (Ampas), numrat jan\u00eb ende t\u00eb tret\u00ebt m\u00eb t\u00eb ul\u00ebt t\u00eb regjistruar ndonj\u00ebher\u00eb, nd\u00ebrsa Oscar\u00ebt luftojn\u00eb p\u00ebr<br \/>t&#8217;u rikuperuar nga edicioni katastrof\u00eb i 2021, vler\u00ebsimet p\u00ebrfundimtare t\u00eb t\u00eb cilit u mbyll\u00ebn me 10.4 milion.<br \/>\u00a0 Edicioni i k\u00ebtij viti me kthimin e nj\u00eb prezantuesi t\u00eb stilit tradicional si Jimmy Kimmel, nj\u00eb fitues relativisht i njohur si komedin\u00eb multivers\u00eb &#8220;Everything Everywhere All at Once&#8221; dhe nj\u00eb mbr\u00ebmje pa polemika. Me shfaqjet 2021 dhe 2022 t\u00eb prekura nga pandemia, pika m\u00eb e af\u00ebrt e krahasimit \u00ebsht\u00eb ngjarja e vitit 2020, e cila arriti 23.6 milion\u00eb.<br \/>\u00a0 Transmetimet e tjera t\u00eb shfaqjeve t\u00eb \u00e7mimeve kan\u00eb par\u00eb rezultate t\u00eb p\u00ebrziera: Grammy arriti 12.6 milion (nj\u00eb rritje prej 31%), nd\u00ebrsa \u00e7mimet Emmy ran\u00eb n\u00eb 5.9 milion, m\u00eb e ul\u00ebta ndonj\u00ebher\u00eb.\u00a0<\/p><p>\u00a0 Publiku m\u00eb i lart\u00eb i Oscars n\u00eb historin\u00eb e tij ka qen\u00eb p\u00ebr edicionin e vitit 1998, i cili pa Titanikun t\u00eb fitonte filmin m\u00eb t\u00eb mir\u00eb, para 57 milion\u00eb shikuesve televiziv\u00eb.<\/p><p>\u00a0<\/p>\t\t\t\t\t\t<\/div>\n\t\t\t\t<\/div>\n\t\t\t\t\t<\/div>\n\t\t<\/div>\n\t\t\t\t\t\t\t<\/div>\n\t\t<\/section>\n\t\t\t\t\t\t\t<\/div>\n\t\t","protected":false},"excerpt":{"rendered":"<p>Vler\u00ebsimet televizive t\u00eb Oscars p\u00ebrmir\u00ebsohen \u2013 n\u00eb vendin e tret\u00eb m\u00eb t\u00eb keq t\u00eb vler\u00ebsimeve n\u00eb histori. \u00c7mimet e Akademis\u00eb s\u00eb k\u00ebtij viti me Jimmy Kimmel n\u00eb krye t\u00ebrhoq\u00ebn nj\u00eb audienc\u00eb mesatare televizive prej 18.7 milion dhe nj\u00eb pjes\u00eb m\u00eb t\u00eb madhe t\u00eb shikuesve m\u00eb t\u00eb rinj. Publiku p\u00ebr transmetimin e \u201cOscar Awards 2023\u201d u<\/p>\n","protected":false},"author":2,"featured_media":2387,"comment_status":"open","ping_status":"open","sticky":false,"template":"","format":"standard","meta":{"footnotes":""},"categories":[126],"tags":[],"class_list":{"0":"post-2386","1":"post","2":"type-post","3":"status-publish","4":"format-standard","5":"has-post-thumbnail","7":"category-awards-international"},"_links":{"self":[{"href":"https:\/\/revistatrend.com\/index.php\/wp-json\/wp\/v2\/posts\/2386","targetHints":{"allow":["GET"]}}],"collection":[{"href":"https:\/\/revistatrend.com\/index.php\/wp-json\/wp\/v2\/posts"}],"about":[{"href":"https:\/\/revistatrend.com\/index.php\/wp-json\/wp\/v2\/types\/post"}],"author":[{"embeddable":true,"href":"https:\/\/revistatrend.com\/index.php\/wp-json\/wp\/v2\/users\/2"}],"replies":[{"embeddable":true,"href":"https:\/\/revistatrend.com\/index.php\/wp-json\/wp\/v2\/comments?post=2386"}],"version-history":[{"count":11,"href":"https:\/\/revistatrend.com\/index.php\/wp-json\/wp\/v2\/posts\/2386\/revisions"}],"predecessor-version":[{"id":5714,"href":"https:\/\/revistatrend.com\/index.php\/wp-json\/wp\/v2\/posts\/2386\/revisions\/5714"}],"wp:featuredmedia":[{"embeddable":true,"href":"https:\/\/revistatrend.com\/index.php\/wp-json\/wp\/v2\/media\/2387"}],"wp:attachment":[{"href":"https:\/\/revistatrend.com\/index.php\/wp-json\/wp\/v2\/media?parent=2386"}],"wp:term":[{"taxonomy":"category","embeddable":true,"href":"https:\/\/revistatrend.com\/index.php\/wp-json\/wp\/v2\/categories?post=2386"},{"taxonomy":"post_tag","embeddable":true,"href":"https:\/\/revistatrend.com\/index.php\/wp-json\/wp\/v2\/tags?post=2386"}],"curies":[{"name":"wp","href":"https:\/\/api.w.org\/{rel}","templated":true}]}}