{"id":2519,"date":"2023-03-22T11:34:36","date_gmt":"2023-03-22T11:34:36","guid":{"rendered":"https:\/\/revistatrend.com\/?p=2519"},"modified":"2023-03-22T11:35:39","modified_gmt":"2023-03-22T11:35:39","slug":"olta-dhe-kiara-dalin-koke-me-koke-ne-televotim-kush-do-largohet-te-shtunen","status":"publish","type":"post","link":"https:\/\/revistatrend.com\/index.php\/2023\/03\/22\/olta-dhe-kiara-dalin-koke-me-koke-ne-televotim-kush-do-largohet-te-shtunen\/","title":{"rendered":"Olta dhe Kiara dalin \u201ckok\u00eb m\u00eb kok\u00eb\u201d n\u00eb televotim. Kush do largohet t\u00eb shtun\u00ebn?"},"content":{"rendered":"\t\t<div data-elementor-type=\"wp-post\" data-elementor-id=\"2519\" class=\"elementor elementor-2519\">\n\t\t\t\t\t\t\t\t\t<section class=\"elementor-section elementor-top-section elementor-element elementor-element-6050edd5 elementor-section-boxed elementor-section-height-default elementor-section-height-default\" data-id=\"6050edd5\" data-element_type=\"section\">\n\t\t\t\t\t\t<div class=\"elementor-container elementor-column-gap-default\">\n\t\t\t\t\t<div class=\"elementor-column elementor-col-100 elementor-top-column elementor-element elementor-element-484c6446\" data-id=\"484c6446\" data-element_type=\"column\">\n\t\t\t<div class=\"elementor-widget-wrap elementor-element-populated\">\n\t\t\t\t\t\t\t\t<div class=\"elementor-element elementor-element-5663b229 elementor-widget elementor-widget-text-editor\" data-id=\"5663b229\" data-element_type=\"widget\" data-widget_type=\"text-editor.default\">\n\t\t\t\t<div class=\"elementor-widget-container\">\n\t\t\t\t\t\t\t<p><\/p>\n<p><span style=\"font-size: 16.604px; color: var(--c-contrast-800);\">T\u00eb shtun\u00ebn e kaluar Nit\u00ebs ju dha mund\u00ebsia t\u00eb hapte \u201cKutin\u00eb e Pandor\u00ebs\u201d<\/span><span style=\"color: var(--c-contrast-800); font-size: 16.604px;\">q\u00eb ka brenda nj\u00eb zarf t\u00eb bardh\u00eb dhe nj\u00eb t\u00eb zi.<\/span><\/p>\n<p>&nbsp; Pas \u00e7do t\u00eb mire vjen nj\u00eb e keqe dhe n\u00eb k\u00ebmbim p\u00ebr t\u00eb takuar mikesh\u00ebn e saj<br>Nit\u00ebs ju dha mund\u00ebsia t\u00eb d\u00ebrgonte n\u00eb televotim dy \u00e7ifte q\u00eb ishin ndar\u00eb n\u00eb<br>grupe dyshe p\u00ebr t\u00eb kryer nj\u00eb sfid\u00eb Nita zgjodhi \u00e7iftin Kiara-Olta dhe Kristi-Qetsor.<\/p>\n<p>&nbsp; &nbsp;Gjat\u00eb televotimit t\u00eb mbr\u00ebmjes s\u00eb kaluar, publiku do vendoste se cili nga \u00e7iftet<br>do dilte \u201ckok\u00eb m\u00eb kok\u00eb\u201d n\u00eb televotim dhe rezultati u shfaq n\u00eb ekran. Me nj\u00eb diferenc\u00eb<br>tep\u00ebr t\u00eb madhe prej 86% p\u00ebr \u00e7iftin Olta-Kiara dhe 14% p\u00ebr \u00e7iftin Krist \u2013 Qetsor.<\/p>\n<p><img fetchpriority=\"high\" decoding=\"async\" class=\"alignnone size-full wp-image-2521\" src=\"https:\/\/revistatrend.com\/wp-content\/uploads\/2023\/03\/23.webp\" alt=\"\" width=\"1729\" height=\"962\" srcset=\"https:\/\/revistatrend.com\/wp-content\/uploads\/2023\/03\/23.webp 1729w, https:\/\/revistatrend.com\/wp-content\/uploads\/2023\/03\/23-300x167.webp 300w, https:\/\/revistatrend.com\/wp-content\/uploads\/2023\/03\/23-1024x570.webp 1024w, https:\/\/revistatrend.com\/wp-content\/uploads\/2023\/03\/23-768x427.webp 768w, https:\/\/revistatrend.com\/wp-content\/uploads\/2023\/03\/23-1536x855.webp 1536w, https:\/\/revistatrend.com\/wp-content\/uploads\/2023\/03\/23-150x83.webp 150w, https:\/\/revistatrend.com\/wp-content\/uploads\/2023\/03\/23-450x250.webp 450w, https:\/\/revistatrend.com\/wp-content\/uploads\/2023\/03\/23-1200x668.webp 1200w\" sizes=\"(max-width: 1729px) 100vw, 1729px\" \/> <img decoding=\"async\" class=\"alignnone size-full wp-image-2522\" src=\"https:\/\/revistatrend.com\/wp-content\/uploads\/2023\/03\/336046728_916090369731211_8019314618546327614_n-e1679431347408-780x439-1.jpg\" alt=\"\" width=\"780\" height=\"439\" srcset=\"https:\/\/revistatrend.com\/wp-content\/uploads\/2023\/03\/336046728_916090369731211_8019314618546327614_n-e1679431347408-780x439-1.jpg 780w, https:\/\/revistatrend.com\/wp-content\/uploads\/2023\/03\/336046728_916090369731211_8019314618546327614_n-e1679431347408-780x439-1-300x169.jpg 300w, https:\/\/revistatrend.com\/wp-content\/uploads\/2023\/03\/336046728_916090369731211_8019314618546327614_n-e1679431347408-780x439-1-768x432.jpg 768w, https:\/\/revistatrend.com\/wp-content\/uploads\/2023\/03\/336046728_916090369731211_8019314618546327614_n-e1679431347408-780x439-1-150x84.jpg 150w, https:\/\/revistatrend.com\/wp-content\/uploads\/2023\/03\/336046728_916090369731211_8019314618546327614_n-e1679431347408-780x439-1-450x253.jpg 450w\" sizes=\"(max-width: 780px) 100vw, 780px\" \/><br>&nbsp; Vlen t\u00eb p\u00ebrmenden dhe deklaratat e Luziti q\u00eb tha q\u00eb Olta \u00ebsht\u00eb n\u00eb televotim \u201ckok\u00eb m\u00eb kok\u00eb\u201d me \u00e7iftin Luiz \u2013 Kiara dhe jo vet\u00ebm Kiar\u00ebn, duke shprehur hapur mb\u00ebshtetjen dhe sigurin\u00eb q\u00eb ka te partnerja e tij q\u00eb do ia dal\u00eb ta kaloj\u00eb k\u00ebt\u00eb televotim dhe t\u00eb q\u00ebndroj\u00eb me t\u00eb deri n\u00eb finale.<\/p>\t\t\t\t\t\t<\/div>\n\t\t\t\t<\/div>\n\t\t\t\t\t<\/div>\n\t\t<\/div>\n\t\t\t\t\t\t\t<\/div>\n\t\t<\/section>\n\t\t\t\t\t\t\t<\/div>\n\t\t","protected":false},"excerpt":{"rendered":"<p>T\u00eb shtun\u00ebn e kaluar Nit\u00ebs ju dha mund\u00ebsia t\u00eb hapte \u201cKutin\u00eb e Pandor\u00ebs\u201dq\u00eb ka brenda nj\u00eb zarf t\u00eb bardh\u00eb dhe nj\u00eb t\u00eb zi. &nbsp; Pas \u00e7do t\u00eb mire vjen nj\u00eb e keqe dhe n\u00eb k\u00ebmbim p\u00ebr t\u00eb takuar mikesh\u00ebn e sajNit\u00ebs ju dha mund\u00ebsia t\u00eb d\u00ebrgonte n\u00eb televotim dy \u00e7ifte q\u00eb ishin ndar\u00eb n\u00ebgrupe dyshe<\/p>\n","protected":false},"author":2,"featured_media":2523,"comment_status":"open","ping_status":"open","sticky":false,"template":"","format":"standard","meta":{"footnotes":""},"categories":[10],"tags":[],"class_list":{"0":"post-2519","1":"post","2":"type-post","3":"status-publish","4":"format-standard","5":"has-post-thumbnail","7":"category-showbiz"},"_links":{"self":[{"href":"https:\/\/revistatrend.com\/index.php\/wp-json\/wp\/v2\/posts\/2519","targetHints":{"allow":["GET"]}}],"collection":[{"href":"https:\/\/revistatrend.com\/index.php\/wp-json\/wp\/v2\/posts"}],"about":[{"href":"https:\/\/revistatrend.com\/index.php\/wp-json\/wp\/v2\/types\/post"}],"author":[{"embeddable":true,"href":"https:\/\/revistatrend.com\/index.php\/wp-json\/wp\/v2\/users\/2"}],"replies":[{"embeddable":true,"href":"https:\/\/revistatrend.com\/index.php\/wp-json\/wp\/v2\/comments?post=2519"}],"version-history":[{"count":4,"href":"https:\/\/revistatrend.com\/index.php\/wp-json\/wp\/v2\/posts\/2519\/revisions"}],"predecessor-version":[{"id":2527,"href":"https:\/\/revistatrend.com\/index.php\/wp-json\/wp\/v2\/posts\/2519\/revisions\/2527"}],"wp:featuredmedia":[{"embeddable":true,"href":"https:\/\/revistatrend.com\/index.php\/wp-json\/wp\/v2\/media\/2523"}],"wp:attachment":[{"href":"https:\/\/revistatrend.com\/index.php\/wp-json\/wp\/v2\/media?parent=2519"}],"wp:term":[{"taxonomy":"category","embeddable":true,"href":"https:\/\/revistatrend.com\/index.php\/wp-json\/wp\/v2\/categories?post=2519"},{"taxonomy":"post_tag","embeddable":true,"href":"https:\/\/revistatrend.com\/index.php\/wp-json\/wp\/v2\/tags?post=2519"}],"curies":[{"name":"wp","href":"https:\/\/api.w.org\/{rel}","templated":true}]}}